{"id":556361,"date":"2017-12-04T15:31:27","date_gmt":"2017-12-04T21:31:27","guid":{"rendered":"http:\/\/atxcatholic.com\/?p=556361"},"modified":"2017-12-04T15:31:27","modified_gmt":"2017-12-04T21:31:27","slug":"tiempo-para-el-silencio","status":"publish","type":"post","link":"https:\/\/atxcatholic.com\/index.php\/2017\/12\/tiempo-para-el-silencio\/","title":{"rendered":"Tiempo para el silencio"},"content":{"rendered":"<p>&nbsp;<\/p>\n<p><strong><em><img data-recalc-dims=\"1\" loading=\"lazy\" decoding=\"async\" class=\"alignnone size-medium wp-image-556388\" src=\"https:\/\/i0.wp.com\/atxcatholic.com\/wp-content\/uploads\/2017\/12\/por-quc3a9-el-silencio-es-tan-importante-para-nuestro-cerebro-297x190.jpg?resize=297%2C190\" alt=\"\" width=\"297\" height=\"190\" \/><\/em><\/strong><\/p>\n<p><strong><em>Ha sido un a\u00f1o intenso.<\/em><\/strong>\u00a0Muchos de los que me leen dir\u00e1n: \u201cHa sido el a\u00f1o m\u00e1s terrible de mi vida\u201d. Otros pensaran: \u201c\u00a1Ha sido el mejor a\u00f1o para m\u00ed!\u201d Y no faltar\u00e1 alguna persona que diga: \u201cNo pas\u00f3 nada para m\u00ed, es como que si mi vida no avanzara y siempre fuera igual\u201d. Hay diferentes perspectivas y vivencias. Pero si sumas y restas lo que te ha ocurrido te percatar\u00e1s que a\u00fan con todo, la vida e maravillosa. Un don de Dios.<\/p>\n<p><strong><em>Dios en su gran amor nos ha creado a ti y a m\u00ed como personas que piensan, sienten, y tienen la libertad para decidir su camino.<\/em><\/strong>\u00a0Solo los seres humanos podemos hacer, si queremos, una profunda reflexi\u00f3n al final de nuestro a\u00f1o. Y nuevos prop\u00f3sitos para el pr\u00f3ximo.<\/p>\n<p><strong><em>\u00bfQu\u00e9 te recomiendo?<\/em><\/strong>\u00a0Tener una experiencia \u00fanica. Toma unos minutos de tu d\u00eda en la pr\u00f3xima semana y reflexiona: \u201c\u00bfCu\u00e1nto ame a Dios?\u201d \u201c\u00bfCu\u00e1nto me acerqu\u00e9 a la persona de Jes\u00fas y me hice su amigo?\u201d \u201c\u00bfQu\u00e9 hice para mejorar como persona, compa\u00f1ero, trabajador y ciudadano del mundo? \u201c<\/p>\n<p>En estos agitados tiempos en los que no parece haber ocasiones para parar y simplemente ser uno mismo, plantearse esto es importante.<\/p>\n<p><strong><em>Hacer un peque\u00f1o alto en la vida nos permite escuchar nuestra naturaleza y la voz de Dios.<\/em><\/strong><\/p>\n<p>Esa naturaleza es el silencio. Dir\u00e1s, \u00bfmi naturaleza es el silencio? Te lo aseguro. S\u00f3lo prueba levantarte por lo menos durante una semana a las 4 a.m. y mira lo que pasa a tu alrededor. Siente lo que est\u00e1 ocurriendo en ese momento. Escucha lo que pasa en tu entorno. Toda la experiencia es de silencio. La misma gran cualidad de Dios. Lo que pasa es que vivimos rodeados de tantos est\u00edmulos que inmediatamente empezamos a pensar.<\/p>\n<p>Me gusta pensar en G\u00e9nesis y la creaci\u00f3n del mundo, de los animales, de los peces, las monta\u00f1as y los mares por Dios. Me gusta pensar y te puedo decir que casi miro ese momento en que Dios nos crea. Crea al hombre. Le sopla la Vida que es Conciencia y el hombre, Ad\u00e1n se levanta y vive. En ninguna parte dice \u201cY Ad\u00e1n comenz\u00f3 a pensar\u201d \u00bfser\u00eda que no pens\u00e1bamos y solo \u00e9ramos consciencia? Una consciencia que se movi\u00f3 con el aire, que corr\u00eda, que miraba, que se asombraba ante la existencia. Y es en ese momento que Dios descansa.<\/p>\n<p>\u00bfLo has pensado alguna vez?\u00a0<strong><em>\u00bfC\u00f3mo descans\u00f3 Dios? Dios descanso haciendo silencio.<\/em><\/strong><\/p>\n<p>En el silencio la mente y el cerebro se relajan. Se recogen para una limpieza interna y que esto de claridad y paz. Nos cuesta mucho hacer esto. Tambi\u00e9n por eso me gusta tanto la escena en la que el \u00c1ngel Gabriel visita a la Sant\u00edsima Virgen, la encuentra de rodillas o quiz\u00e1 sentada en el silencio. Este silencio le permite escuchar con claridad la voz de Dios. Se conmueve, quiz\u00e1 duda, pero de inmediato se repone pues sabe que el que le habla es un mensajero de Dios.<\/p>\n<p><strong><em>Vivir en silencio nos da paz interior.<\/em><\/strong><\/p>\n<p>La paz es la sencillez del esp\u00edritu, la serenidad de la consciencia, la tranquilidad del alma y el lazo del amor. La paz es el orden, la armon\u00eda en tu cuerpo, en tus gestos, en tus sentidos. La paz reparte la alegr\u00eda que nace del testimonio de hacer el bien, de estar entregado a la vida de forma noble y Buena. La paz es todo para la una vida lograda, para una experiencia de vida que se sabe y se siente en el coraz\u00f3n.<\/p>\n<p>Este d\u00eda especialmente despu\u00e9s de esta lectura piensa, reflexiona, siente. \u00bfCon qu\u00e9 frecuencia me detengo en mi cuerpo, mente y actividad para simplemente ser en silencio? \u00bfQu\u00e9 tanta facilidad tengo para recogerme dentro de m\u00ed y solo estar? \u00bfC\u00f3mo es mi salud mental? \u00bfMe deprimo con facilidad, estoy deprimido o por el contrario tengo mucha ansiedad, insomnio y agitaci\u00f3n todo el tiempo? \u00bfC\u00f3mo me beneficiaria yo y la vida de los que me rodean si hiciera el ejercicio diario de estar en silencio 20 minutos para conectarme con la naturaleza de Dios Padre, Hijo y Esp\u00edritu Santo?\u00a0<strong><em>\u201cEl comienzo de la sabidur\u00eda es el silencio\u201d<\/em><\/strong>, escribi\u00f3 Pit\u00e1goras.<\/p>\n<p><strong><em>\u201cS\u00f3lo en el silencio el hombre logra escuchar en lo \u00edntimo de la consciencia la voz de Dios que verdaderamente le hace libre\u201d.<\/em><\/strong>Repet\u00eda una y otra vez Juan Pablo II.<\/p>\n<p>Pide a tu \u00e1ngel custodio que te ense\u00f1e a practicar el silencio y a la Sant\u00edsima Virgen que interceda por ti.<\/p>\n<p>\u00a1Dios te bendiga!<\/p>\n","protected":false},"excerpt":{"rendered":"<p>&nbsp; Ha sido un a\u00f1o intenso.\u00a0Muchos de los que me leen dir\u00e1n: \u201cHa sido el a\u00f1o m\u00e1s terrible de mi vida\u201d. Otros pensaran: \u201c\u00a1Ha sido el mejor a\u00f1o para m\u00ed!\u201d Y no faltar\u00e1 alguna persona que diga: \u201cNo pas\u00f3 nada para m\u00ed, es como que si mi vida no avanzara y siempre fuera igual\u201d. Hay&#8230;&nbsp;<a href=\"https:\/\/atxcatholic.com\/index.php\/2017\/12\/tiempo-para-el-silencio\/\">[Read&nbsp;More]<\/a><\/p>\n","protected":false},"author":211,"featured_media":0,"comment_status":"open","ping_status":"open","sticky":false,"template":"","format":"standard","meta":{"_genesis_hide_title":false,"_genesis_hide_breadcrumbs":false,"_genesis_hide_singular_image":false,"_genesis_hide_footer_widgets":false,"_genesis_custom_body_class":"","_genesis_custom_post_class":"","_genesis_layout":"","_jetpack_newsletter_access":"","_jetpack_dont_email_post_to_subs":false,"_jetpack_newsletter_tier_id":0,"_jetpack_memberships_contains_paywalled_content":false,"_wpcom_ai_launchpad_first_post":false,"_jetpack_feature_clip_id":0,"_jetpack_memberships_contains_paid_content":false,"footnotes":"","jetpack_publicize_message":"{title}\n\n{excerpt}\n\n{url}","jetpack_publicize_feature_enabled":true,"jetpack_social_post_already_shared":false,"jetpack_social_options":{"image_generator_settings":{"template":"highway","default_image_id":0,"font":"","enabled":false},"version":2},"_wpas_customize_per_network":false,"jetpack_post_was_ever_published":false},"categories":[4],"tags":[],"class_list":["post-556361","post","type-post","status-publish","format-standard","category-blog","entry","has-post-thumbnail"],"aioseo_notices":[],"aioseo_head":"\n\t\t<!-- All in One SEO 5.0.1.1 - aioseo.com -->\n\t<meta name=\"description\" content=\"Ha sido un a\u00f1o intenso. Muchos de los que me leen dir\u00e1n: \u201cHa sido el a\u00f1o m\u00e1s terrible de mi vida\u201d. Otros pensaran: \u201c\u00a1Ha sido el mejor a\u00f1o para m\u00ed!\u201d Y no faltar\u00e1 alguna persona que diga: \u201cNo pas\u00f3 nada para m\u00ed, es como que si mi vida no avanzara y siempre fuera igual\u201d. Hay\" \/>\n\t<meta name=\"robots\" content=\"max-image-preview:large\" \/>\n\t<meta name=\"author\" content=\"Sheila Morataya\"\/>\n\t<meta name=\"keywords\" content=\"blog\" \/>\n\t<link rel=\"canonical\" href=\"https:\/\/atxcatholic.com\/index.php\/2017\/12\/tiempo-para-el-silencio\/\" \/>\n\t<meta name=\"generator\" content=\"All in One SEO (AIOSEO) 5.0.1.1\" \/>\n\t\t<meta property=\"og:locale\" content=\"en_US\" \/>\n\t\t<meta property=\"og:site_name\" content=\"ATX Catholic | A Voice in the Church in Central Texas\" \/>\n\t\t<meta property=\"og:type\" content=\"article\" \/>\n\t\t<meta property=\"og:title\" content=\"Tiempo para el silencio | ATX Catholic\" \/>\n\t\t<meta property=\"og:description\" content=\"Ha sido un a\u00f1o intenso. Muchos de los que me leen dir\u00e1n: \u201cHa sido el a\u00f1o m\u00e1s terrible de mi vida\u201d. Otros pensaran: \u201c\u00a1Ha sido el mejor a\u00f1o para m\u00ed!\u201d Y no faltar\u00e1 alguna persona que diga: \u201cNo pas\u00f3 nada para m\u00ed, es como que si mi vida no avanzara y siempre fuera igual\u201d. Hay\" \/>\n\t\t<meta property=\"og:url\" content=\"https:\/\/atxcatholic.com\/index.php\/2017\/12\/tiempo-para-el-silencio\/\" \/>\n\t\t<meta property=\"article:published_time\" content=\"2017-12-04T21:31:27+00:00\" \/>\n\t\t<meta property=\"article:modified_time\" content=\"2017-12-04T21:31:27+00:00\" \/>\n\t\t<meta property=\"article:publisher\" content=\"https:\/\/www.facebook.com\/atxcatholic\" \/>\n\t\t<meta name=\"twitter:card\" content=\"summary\" \/>\n\t\t<meta name=\"twitter:title\" content=\"Tiempo para el silencio | ATX Catholic\" \/>\n\t\t<meta name=\"twitter:description\" content=\"Ha sido un a\u00f1o intenso. Muchos de los que me leen dir\u00e1n: \u201cHa sido el a\u00f1o m\u00e1s terrible de mi vida\u201d. Otros pensaran: \u201c\u00a1Ha sido el mejor a\u00f1o para m\u00ed!\u201d Y no faltar\u00e1 alguna persona que diga: \u201cNo pas\u00f3 nada para m\u00ed, es como que si mi vida no avanzara y siempre fuera igual\u201d. Hay\" \/>\n\t\t<meta name=\"twitter:image\" content=\"http:\/\/atxcatholic.com\/wp-content\/uploads\/2010\/10\/ATXCatholic-CoverImage.jpg\" \/>\n\t\t<script type=\"application\/ld+json\" class=\"aioseo-schema\">\n\t\t\t{\"@context\":\"https:\\\/\\\/schema.org\",\"@graph\":[{\"@type\":\"Article\",\"@id\":\"https:\\\/\\\/atxcatholic.com\\\/index.php\\\/2017\\\/12\\\/tiempo-para-el-silencio\\\/#article\",\"name\":\"Tiempo para el silencio | ATX Catholic\",\"headline\":\"Tiempo para el silencio\",\"author\":{\"@id\":\"https:\\\/\\\/atxcatholic.com\\\/index.php\\\/author\\\/sheila-morataya\\\/#author\"},\"publisher\":{\"@id\":\"https:\\\/\\\/atxcatholic.com\\\/#organization\"},\"image\":{\"@type\":\"ImageObject\",\"url\":\"http:\\\/\\\/atxcatholic.com\\\/wp-content\\\/uploads\\\/2017\\\/12\\\/por-quc3a9-el-silencio-es-tan-importante-para-nuestro-cerebro-297x190.jpg\",\"@id\":\"https:\\\/\\\/atxcatholic.com\\\/index.php\\\/2017\\\/12\\\/tiempo-para-el-silencio\\\/#articleImage\"},\"datePublished\":\"2017-12-04T15:31:27-06:00\",\"dateModified\":\"2017-12-04T15:31:27-06:00\",\"inLanguage\":\"en-US\",\"mainEntityOfPage\":{\"@id\":\"https:\\\/\\\/atxcatholic.com\\\/index.php\\\/2017\\\/12\\\/tiempo-para-el-silencio\\\/#webpage\"},\"isPartOf\":{\"@id\":\"https:\\\/\\\/atxcatholic.com\\\/index.php\\\/2017\\\/12\\\/tiempo-para-el-silencio\\\/#webpage\"},\"articleSection\":\"Blog\"},{\"@type\":\"BreadcrumbList\",\"@id\":\"https:\\\/\\\/atxcatholic.com\\\/index.php\\\/2017\\\/12\\\/tiempo-para-el-silencio\\\/#breadcrumblist\",\"itemListElement\":[{\"@type\":\"ListItem\",\"@id\":\"https:\\\/\\\/atxcatholic.com#listItem\",\"position\":1,\"name\":\"Home\",\"item\":\"https:\\\/\\\/atxcatholic.com\",\"nextItem\":{\"@type\":\"ListItem\",\"@id\":\"https:\\\/\\\/atxcatholic.com\\\/index.php\\\/category\\\/acnm\\\/#listItem\",\"name\":\"ACNM\"}},{\"@type\":\"ListItem\",\"@id\":\"https:\\\/\\\/atxcatholic.com\\\/index.php\\\/category\\\/acnm\\\/#listItem\",\"position\":2,\"name\":\"ACNM\",\"item\":\"https:\\\/\\\/atxcatholic.com\\\/index.php\\\/category\\\/acnm\\\/\",\"nextItem\":{\"@type\":\"ListItem\",\"@id\":\"https:\\\/\\\/atxcatholic.com\\\/index.php\\\/category\\\/acnm\\\/blog\\\/#listItem\",\"name\":\"Blog\"},\"previousItem\":{\"@type\":\"ListItem\",\"@id\":\"https:\\\/\\\/atxcatholic.com#listItem\",\"name\":\"Home\"}},{\"@type\":\"ListItem\",\"@id\":\"https:\\\/\\\/atxcatholic.com\\\/index.php\\\/category\\\/acnm\\\/blog\\\/#listItem\",\"position\":3,\"name\":\"Blog\",\"item\":\"https:\\\/\\\/atxcatholic.com\\\/index.php\\\/category\\\/acnm\\\/blog\\\/\",\"nextItem\":{\"@type\":\"ListItem\",\"@id\":\"https:\\\/\\\/atxcatholic.com\\\/index.php\\\/2017\\\/12\\\/tiempo-para-el-silencio\\\/#listItem\",\"name\":\"Tiempo para el silencio\"},\"previousItem\":{\"@type\":\"ListItem\",\"@id\":\"https:\\\/\\\/atxcatholic.com\\\/index.php\\\/category\\\/acnm\\\/#listItem\",\"name\":\"ACNM\"}},{\"@type\":\"ListItem\",\"@id\":\"https:\\\/\\\/atxcatholic.com\\\/index.php\\\/2017\\\/12\\\/tiempo-para-el-silencio\\\/#listItem\",\"position\":4,\"name\":\"Tiempo para el silencio\",\"previousItem\":{\"@type\":\"ListItem\",\"@id\":\"https:\\\/\\\/atxcatholic.com\\\/index.php\\\/category\\\/acnm\\\/blog\\\/#listItem\",\"name\":\"Blog\"}}]},{\"@type\":\"Organization\",\"@id\":\"https:\\\/\\\/atxcatholic.com\\\/#organization\",\"name\":\"ATX Catholic\",\"description\":\"A Voice in the Church in Central Texas\",\"url\":\"https:\\\/\\\/atxcatholic.com\\\/\",\"logo\":{\"@type\":\"ImageObject\",\"url\":\"http:\\\/\\\/atxcatholic.com\\\/wp-content\\\/uploads\\\/2016\\\/02\\\/ATXCatholic-Vertical.jpg\",\"@id\":\"https:\\\/\\\/atxcatholic.com\\\/index.php\\\/2017\\\/12\\\/tiempo-para-el-silencio\\\/#organizationLogo\"},\"image\":{\"@id\":\"https:\\\/\\\/atxcatholic.com\\\/index.php\\\/2017\\\/12\\\/tiempo-para-el-silencio\\\/#organizationLogo\"},\"sameAs\":[\"https:\\\/\\\/www.facebook.com\\\/atxcatholic\"]},{\"@type\":\"Person\",\"@id\":\"https:\\\/\\\/atxcatholic.com\\\/index.php\\\/author\\\/sheila-morataya\\\/#author\",\"url\":\"https:\\\/\\\/atxcatholic.com\\\/index.php\\\/author\\\/sheila-morataya\\\/\",\"name\":\"Sheila Morataya\",\"image\":{\"@type\":\"ImageObject\",\"@id\":\"https:\\\/\\\/atxcatholic.com\\\/index.php\\\/2017\\\/12\\\/tiempo-para-el-silencio\\\/#authorImage\",\"url\":\"https:\\\/\\\/secure.gravatar.com\\\/avatar\\\/2a750a397be02528e48829425fefab26648adac1d32525707007e8257389d011?s=96&d=initials&r=g&initials=SM\",\"width\":96,\"height\":96,\"caption\":\"Sheila Morataya\"}},{\"@type\":\"WebPage\",\"@id\":\"https:\\\/\\\/atxcatholic.com\\\/index.php\\\/2017\\\/12\\\/tiempo-para-el-silencio\\\/#webpage\",\"url\":\"https:\\\/\\\/atxcatholic.com\\\/index.php\\\/2017\\\/12\\\/tiempo-para-el-silencio\\\/\",\"name\":\"Tiempo para el silencio | ATX Catholic\",\"description\":\"Ha sido un a\\u00f1o intenso. Muchos de los que me leen dir\\u00e1n: \\u201cHa sido el a\\u00f1o m\\u00e1s terrible de mi vida\\u201d. Otros pensaran: \\u201c\\u00a1Ha sido el mejor a\\u00f1o para m\\u00ed!\\u201d Y no faltar\\u00e1 alguna persona que diga: \\u201cNo pas\\u00f3 nada para m\\u00ed, es como que si mi vida no avanzara y siempre fuera igual\\u201d. Hay\",\"inLanguage\":\"en-US\",\"isPartOf\":{\"@id\":\"https:\\\/\\\/atxcatholic.com\\\/#website\"},\"breadcrumb\":{\"@id\":\"https:\\\/\\\/atxcatholic.com\\\/index.php\\\/2017\\\/12\\\/tiempo-para-el-silencio\\\/#breadcrumblist\"},\"author\":{\"@id\":\"https:\\\/\\\/atxcatholic.com\\\/index.php\\\/author\\\/sheila-morataya\\\/#author\"},\"creator\":{\"@id\":\"https:\\\/\\\/atxcatholic.com\\\/index.php\\\/author\\\/sheila-morataya\\\/#author\"},\"datePublished\":\"2017-12-04T15:31:27-06:00\",\"dateModified\":\"2017-12-04T15:31:27-06:00\"},{\"@type\":\"WebSite\",\"@id\":\"https:\\\/\\\/atxcatholic.com\\\/#website\",\"url\":\"https:\\\/\\\/atxcatholic.com\\\/\",\"name\":\"ATX Catholic\",\"description\":\"A Voice in the Church in Central Texas\",\"inLanguage\":\"en-US\",\"publisher\":{\"@id\":\"https:\\\/\\\/atxcatholic.com\\\/#organization\"}}]}\n\t\t<\/script>\n\t\t<!-- All in One SEO -->\n\n","aioseo_head_json":{"title":"Tiempo para el silencio | ATX Catholic","description":"Ha sido un a\u00f1o intenso. Muchos de los que me leen dir\u00e1n: \u201cHa sido el a\u00f1o m\u00e1s terrible de mi vida\u201d. Otros pensaran: \u201c\u00a1Ha sido el mejor a\u00f1o para m\u00ed!\u201d Y no faltar\u00e1 alguna persona que diga: \u201cNo pas\u00f3 nada para m\u00ed, es como que si mi vida no avanzara y siempre fuera igual\u201d. Hay","canonical_url":"https:\/\/atxcatholic.com\/index.php\/2017\/12\/tiempo-para-el-silencio\/","robots":"max-image-preview:large","keywords":"blog","webmasterTools":{"miscellaneous":""},"schema":{"@context":"https:\/\/schema.org","@graph":[{"@type":"Article","@id":"https:\/\/atxcatholic.com\/index.php\/2017\/12\/tiempo-para-el-silencio\/#article","name":"Tiempo para el silencio | ATX Catholic","headline":"Tiempo para el silencio","author":{"@id":"https:\/\/atxcatholic.com\/index.php\/author\/sheila-morataya\/#author"},"publisher":{"@id":"https:\/\/atxcatholic.com\/#organization"},"image":{"@type":"ImageObject","url":"http:\/\/atxcatholic.com\/wp-content\/uploads\/2017\/12\/por-quc3a9-el-silencio-es-tan-importante-para-nuestro-cerebro-297x190.jpg","@id":"https:\/\/atxcatholic.com\/index.php\/2017\/12\/tiempo-para-el-silencio\/#articleImage"},"datePublished":"2017-12-04T15:31:27-06:00","dateModified":"2017-12-04T15:31:27-06:00","inLanguage":"en-US","mainEntityOfPage":{"@id":"https:\/\/atxcatholic.com\/index.php\/2017\/12\/tiempo-para-el-silencio\/#webpage"},"isPartOf":{"@id":"https:\/\/atxcatholic.com\/index.php\/2017\/12\/tiempo-para-el-silencio\/#webpage"},"articleSection":"Blog"},{"@type":"BreadcrumbList","@id":"https:\/\/atxcatholic.com\/index.php\/2017\/12\/tiempo-para-el-silencio\/#breadcrumblist","itemListElement":[{"@type":"ListItem","@id":"https:\/\/atxcatholic.com#listItem","position":1,"name":"Home","item":"https:\/\/atxcatholic.com","nextItem":{"@type":"ListItem","@id":"https:\/\/atxcatholic.com\/index.php\/category\/acnm\/#listItem","name":"ACNM"}},{"@type":"ListItem","@id":"https:\/\/atxcatholic.com\/index.php\/category\/acnm\/#listItem","position":2,"name":"ACNM","item":"https:\/\/atxcatholic.com\/index.php\/category\/acnm\/","nextItem":{"@type":"ListItem","@id":"https:\/\/atxcatholic.com\/index.php\/category\/acnm\/blog\/#listItem","name":"Blog"},"previousItem":{"@type":"ListItem","@id":"https:\/\/atxcatholic.com#listItem","name":"Home"}},{"@type":"ListItem","@id":"https:\/\/atxcatholic.com\/index.php\/category\/acnm\/blog\/#listItem","position":3,"name":"Blog","item":"https:\/\/atxcatholic.com\/index.php\/category\/acnm\/blog\/","nextItem":{"@type":"ListItem","@id":"https:\/\/atxcatholic.com\/index.php\/2017\/12\/tiempo-para-el-silencio\/#listItem","name":"Tiempo para el silencio"},"previousItem":{"@type":"ListItem","@id":"https:\/\/atxcatholic.com\/index.php\/category\/acnm\/#listItem","name":"ACNM"}},{"@type":"ListItem","@id":"https:\/\/atxcatholic.com\/index.php\/2017\/12\/tiempo-para-el-silencio\/#listItem","position":4,"name":"Tiempo para el silencio","previousItem":{"@type":"ListItem","@id":"https:\/\/atxcatholic.com\/index.php\/category\/acnm\/blog\/#listItem","name":"Blog"}}]},{"@type":"Organization","@id":"https:\/\/atxcatholic.com\/#organization","name":"ATX Catholic","description":"A Voice in the Church in Central Texas","url":"https:\/\/atxcatholic.com\/","logo":{"@type":"ImageObject","url":"http:\/\/atxcatholic.com\/wp-content\/uploads\/2016\/02\/ATXCatholic-Vertical.jpg","@id":"https:\/\/atxcatholic.com\/index.php\/2017\/12\/tiempo-para-el-silencio\/#organizationLogo"},"image":{"@id":"https:\/\/atxcatholic.com\/index.php\/2017\/12\/tiempo-para-el-silencio\/#organizationLogo"},"sameAs":["https:\/\/www.facebook.com\/atxcatholic"]},{"@type":"Person","@id":"https:\/\/atxcatholic.com\/index.php\/author\/sheila-morataya\/#author","url":"https:\/\/atxcatholic.com\/index.php\/author\/sheila-morataya\/","name":"Sheila Morataya","image":{"@type":"ImageObject","@id":"https:\/\/atxcatholic.com\/index.php\/2017\/12\/tiempo-para-el-silencio\/#authorImage","url":"https:\/\/secure.gravatar.com\/avatar\/2a750a397be02528e48829425fefab26648adac1d32525707007e8257389d011?s=96&d=initials&r=g&initials=SM","width":96,"height":96,"caption":"Sheila Morataya"}},{"@type":"WebPage","@id":"https:\/\/atxcatholic.com\/index.php\/2017\/12\/tiempo-para-el-silencio\/#webpage","url":"https:\/\/atxcatholic.com\/index.php\/2017\/12\/tiempo-para-el-silencio\/","name":"Tiempo para el silencio | ATX Catholic","description":"Ha sido un a\u00f1o intenso. Muchos de los que me leen dir\u00e1n: \u201cHa sido el a\u00f1o m\u00e1s terrible de mi vida\u201d. Otros pensaran: \u201c\u00a1Ha sido el mejor a\u00f1o para m\u00ed!\u201d Y no faltar\u00e1 alguna persona que diga: \u201cNo pas\u00f3 nada para m\u00ed, es como que si mi vida no avanzara y siempre fuera igual\u201d. Hay","inLanguage":"en-US","isPartOf":{"@id":"https:\/\/atxcatholic.com\/#website"},"breadcrumb":{"@id":"https:\/\/atxcatholic.com\/index.php\/2017\/12\/tiempo-para-el-silencio\/#breadcrumblist"},"author":{"@id":"https:\/\/atxcatholic.com\/index.php\/author\/sheila-morataya\/#author"},"creator":{"@id":"https:\/\/atxcatholic.com\/index.php\/author\/sheila-morataya\/#author"},"datePublished":"2017-12-04T15:31:27-06:00","dateModified":"2017-12-04T15:31:27-06:00"},{"@type":"WebSite","@id":"https:\/\/atxcatholic.com\/#website","url":"https:\/\/atxcatholic.com\/","name":"ATX Catholic","description":"A Voice in the Church in Central Texas","inLanguage":"en-US","publisher":{"@id":"https:\/\/atxcatholic.com\/#organization"}}]},"og:locale":"en_US","og:site_name":"ATX Catholic | A Voice in the Church in Central Texas","og:type":"article","og:title":"Tiempo para el silencio | ATX Catholic","og:description":"Ha sido un a\u00f1o intenso. Muchos de los que me leen dir\u00e1n: \u201cHa sido el a\u00f1o m\u00e1s terrible de mi vida\u201d. Otros pensaran: \u201c\u00a1Ha sido el mejor a\u00f1o para m\u00ed!\u201d Y no faltar\u00e1 alguna persona que diga: \u201cNo pas\u00f3 nada para m\u00ed, es como que si mi vida no avanzara y siempre fuera igual\u201d. Hay","og:url":"https:\/\/atxcatholic.com\/index.php\/2017\/12\/tiempo-para-el-silencio\/","article:published_time":"2017-12-04T21:31:27+00:00","article:modified_time":"2017-12-04T21:31:27+00:00","article:publisher":"https:\/\/www.facebook.com\/atxcatholic","twitter:card":"summary","twitter:title":"Tiempo para el silencio | ATX Catholic","twitter:description":"Ha sido un a\u00f1o intenso. Muchos de los que me leen dir\u00e1n: \u201cHa sido el a\u00f1o m\u00e1s terrible de mi vida\u201d. Otros pensaran: \u201c\u00a1Ha sido el mejor a\u00f1o para m\u00ed!\u201d Y no faltar\u00e1 alguna persona que diga: \u201cNo pas\u00f3 nada para m\u00ed, es como que si mi vida no avanzara y siempre fuera igual\u201d. Hay","twitter:image":"http:\/\/atxcatholic.com\/wp-content\/uploads\/2010\/10\/ATXCatholic-CoverImage.jpg"},"aioseo_meta_data":{"post_id":"556361","title":null,"description":null,"keywords":null,"keyphrases":null,"primary_term":null,"canonical_url":null,"og_title":null,"og_description":null,"og_object_type":"default","og_image_type":"default","og_image_url":null,"og_image_width":null,"og_image_height":null,"og_image_custom_url":null,"og_image_custom_fields":null,"og_video":null,"og_custom_url":null,"og_article_section":null,"og_article_tags":null,"twitter_use_og":false,"twitter_card":"default","twitter_image_type":"default","twitter_image_url":null,"twitter_image_custom_url":null,"twitter_image_custom_fields":null,"twitter_title":null,"twitter_description":null,"schema":{"blockGraphs":[],"customGraphs":[],"default":{"data":{"Article":[],"Course":[],"Dataset":[],"FAQPage":[],"Movie":[],"Person":[],"Product":[],"ProductReview":[],"Car":[],"Recipe":[],"Service":[],"SoftwareApplication":[],"WebPage":[]},"graphName":"","isEnabled":true},"graphs":[]},"schema_type":null,"schema_type_options":null,"pillar_content":false,"robots_default":true,"robots_noindex":false,"robots_noarchive":false,"robots_nosnippet":false,"robots_nofollow":false,"robots_noimageindex":false,"robots_noodp":false,"robots_notranslate":false,"robots_max_snippet":null,"robots_max_videopreview":null,"robots_max_imagepreview":"large","priority":null,"frequency":null,"local_seo":null,"breadcrumb_settings":null,"limit_modified_date":false,"ai":null,"created":"2021-01-21 17:49:29","updated":"2025-07-09 13:33:29","seo_analyzer_scan_date":null,"focus_keyword":null,"additional_keywords":null,"truseo_locale":null},"jetpack_publicize_connections":[],"jetpack-related-posts":[{"id":299508,"url":"https:\/\/atxcatholic.com\/index.php\/2016\/09\/el-ano-de-la-misericordia-de-dios\/","url_meta":{"origin":556361,"position":0},"title":"El A\u00f1o de la Misericordia de Dios","author":"Sheila Morataya","date":"September 23, 2016","format":false,"excerpt":"\u00a0 Este es un A\u00f1o Santo que es ofrecido por Dios a su pueblo, es un a\u00f1o para ti y para m\u00ed que nos invita a descubrir y vivir a Dios y en Dios con una nueva conciencia y entusiasmo. Privilegiada yo que he estado en Roma en dos ocasiones\u2026","rel":"","context":"In &quot;En Espa\u00f1ol&quot;","block_context":{"text":"En Espa\u00f1ol","link":"https:\/\/atxcatholic.com\/index.php\/category\/acnm\/en-espanol\/"},"img":{"alt_text":"francisco2","src":"https:\/\/i0.wp.com\/atxcatholic.com\/wp-content\/uploads\/2016\/09\/Francisco2.jpg?resize=350%2C200","width":350,"height":200},"classes":[]},{"id":27778,"url":"https:\/\/atxcatholic.com\/index.php\/2012\/12\/la-boda-de-oro-de-mis-padres\/","url_meta":{"origin":556361,"position":1},"title":"La Boda de Oro de Mis Padres","author":"Maria Salazar","date":"December 5, 2012","format":false,"excerpt":"Estamos haciendo planes para la celebraci\u00f3n de los 50 a\u00f1os de matrimonio de mis padres. \u00a050 a\u00f1os . . . si, algo que no es tan com\u00fan en el mundo en que vivimos ahora. \u00a0Gracias a Dios si hemos celebrado otras bodas de Oro entre la familia y amigos, pero\u2026","rel":"","context":"In &quot;En Espa\u00f1ol&quot;","block_context":{"text":"En Espa\u00f1ol","link":"https:\/\/atxcatholic.com\/index.php\/category\/acnm\/en-espanol\/"},"img":{"alt_text":"","src":"https:\/\/i0.wp.com\/www.austincnm.com\/wp-content\/uploads\/2012\/12\/Mom-and-Dad-2-280x300.jpg?resize=350%2C200","width":350,"height":200},"classes":[]},{"id":40689,"url":"https:\/\/atxcatholic.com\/index.php\/2013\/07\/inquietud\/","url_meta":{"origin":556361,"position":2},"title":"Inquietud","author":"Maria Salazar","date":"July 17, 2013","format":false,"excerpt":"Hay etapas en nuestras vidas cuando sentimos una persistente inquietud.\u00a0 En veces sentimos esa inquietud por a\u00f1os.\u00a0 En algunos casos ni reconocemos este sentimiento interno que nos lanza a correr tras las cosas que pensamos que nos van a llenar y \u00a0que nos dar\u00e1n toda la felicidad que anhelamos. \u00a0\u2026","rel":"","context":"In &quot;En Espa\u00f1ol&quot;","block_context":{"text":"En Espa\u00f1ol","link":"https:\/\/atxcatholic.com\/index.php\/category\/acnm\/en-espanol\/"},"img":{"alt_text":"moving waves","src":"https:\/\/i0.wp.com\/www.austincnm.com\/wp-content\/uploads\/2013\/07\/moving-waves.jpg?resize=350%2C200","width":350,"height":200},"classes":[]},{"id":462056,"url":"https:\/\/atxcatholic.com\/index.php\/2017\/08\/en-el-corazon-del-pueblo\/","url_meta":{"origin":556361,"position":3},"title":"En el coraz\u00f3n del pueblo","author":"Sheila Morataya","date":"August 27, 2017","format":false,"excerpt":"\u00a0 Hola querido lector\u00a0 Todos los d\u00edas en Austin, recibo personas en mi consulta para hablar de aquello que les preocupa, les hace sufrir, les est\u00e1 impidiendo ser feliz. Los d\u00edas viernes manejo aproximadamente casi tres horas al norte de Austin, hacia un pueblito llamado Centerville.\u00a0 Ah\u00ed vive gente muy\u2026","rel":"","context":"In &quot;En Espa\u00f1ol&quot;","block_context":{"text":"En Espa\u00f1ol","link":"https:\/\/atxcatholic.com\/index.php\/category\/acnm\/en-espanol\/"},"img":{"alt_text":"","src":"https:\/\/i0.wp.com\/atxcatholic.com\/wp-content\/uploads\/2017\/08\/IMG_4272-e1503855694540-143x190.jpg?resize=350%2C200","width":350,"height":200},"classes":[]},{"id":38000,"url":"https:\/\/atxcatholic.com\/index.php\/2013\/02\/12-consejos-para-mi-hija\/","url_meta":{"origin":556361,"position":4},"title":"12 Consejos Para Mi Hija","author":"Maria Salazar","date":"February 27, 2013","format":false,"excerpt":"\u00bfMe pregunto que cuales son los consejos m\u00e1s importantes que le puedo dar a mi hija?\u00a0 Por qu\u00e9 en fin, ella tendr\u00e1 que tomar sus propias decisiones algun d\u00eda. \u00a0\u00a0El mundo le grita muchas cosas y yo junto con su Pap\u00e1 tendremos que intentar ser las voces que ayuden a\u2026","rel":"","context":"In &quot;En Espa\u00f1ol&quot;","block_context":{"text":"En Espa\u00f1ol","link":"https:\/\/atxcatholic.com\/index.php\/category\/acnm\/en-espanol\/"},"img":{"alt_text":"4796183370195","src":"https:\/\/i0.wp.com\/www.austincnm.com\/wp-content\/uploads\/2013\/02\/4796183370195-225x300.jpg?resize=350%2C200","width":350,"height":200},"classes":[]},{"id":23815,"url":"https:\/\/atxcatholic.com\/index.php\/2012\/09\/no-vas-escuchar-de-esta-historia-en-las-noticias\/","url_meta":{"origin":556361,"position":5},"title":"No Vas Escuchar De Esta Historia En Las Noticias","author":"Maria Salazar","date":"September 27, 2012","format":false,"excerpt":"Por eso la comparto aqu\u00ed. El viernes pasado muri\u00f3 un alma bella que yo no conoc\u00eda en persona, pero su historia toc\u00f3 nuestra familia, igual que a muchas personas alrededor del pa\u00eds y del mundo.\u00a0 Su historia es una de fe, esperanza, y amor, que ayudo a muchos regresar al\u2026","rel":"","context":"In &quot;En Espa\u00f1ol&quot;","block_context":{"text":"En Espa\u00f1ol","link":"https:\/\/atxcatholic.com\/index.php\/category\/acnm\/en-espanol\/"},"img":{"alt_text":"","src":"https:\/\/i0.wp.com\/www.austincnm.com\/wp-content\/uploads\/2012\/09\/Angela-Faddis.jpg?resize=350%2C200","width":350,"height":200},"classes":[]}],"jetpack_likes_enabled":true,"jetpack_sharing_enabled":true,"amp_enabled":true,"jetpack_featured_media_url":"","_links":{"self":[{"href":"https:\/\/atxcatholic.com\/index.php\/wp-json\/wp\/v2\/posts\/556361","targetHints":{"allow":["GET"]}}],"collection":[{"href":"https:\/\/atxcatholic.com\/index.php\/wp-json\/wp\/v2\/posts"}],"about":[{"href":"https:\/\/atxcatholic.com\/index.php\/wp-json\/wp\/v2\/types\/post"}],"author":[{"embeddable":true,"href":"https:\/\/atxcatholic.com\/index.php\/wp-json\/wp\/v2\/users\/211"}],"replies":[{"embeddable":true,"href":"https:\/\/atxcatholic.com\/index.php\/wp-json\/wp\/v2\/comments?post=556361"}],"version-history":[{"count":0,"href":"https:\/\/atxcatholic.com\/index.php\/wp-json\/wp\/v2\/posts\/556361\/revisions"}],"wp:attachment":[{"href":"https:\/\/atxcatholic.com\/index.php\/wp-json\/wp\/v2\/media?parent=556361"}],"wp:term":[{"taxonomy":"category","embeddable":true,"href":"https:\/\/atxcatholic.com\/index.php\/wp-json\/wp\/v2\/categories?post=556361"},{"taxonomy":"post_tag","embeddable":true,"href":"https:\/\/atxcatholic.com\/index.php\/wp-json\/wp\/v2\/tags?post=556361"}],"curies":[{"name":"wp","href":"https:\/\/api.w.org\/{rel}","templated":true}]}}