{"id":50145,"date":"2014-07-31T07:54:02","date_gmt":"2014-07-31T12:54:02","guid":{"rendered":"http:\/\/www.austincnm.com\/?p=50145"},"modified":"2020-07-25T02:14:57","modified_gmt":"2020-07-25T07:14:57","slug":"para-mi-sobrina-en-el-dia-de-su-boda","status":"publish","type":"post","link":"https:\/\/atxcatholic.com\/index.php\/2014\/07\/para-mi-sobrina-en-el-dia-de-su-boda\/","title":{"rendered":"Para mi sobrina en el d\u00eda de su boda"},"content":{"rendered":"<div id=\"attachment_50146\" style=\"width: 273px\" class=\"wp-caption alignleft\"><a href=\"http:\/\/www.austincnm.com\/index.php\/2014\/07\/para-mi-sobrina-en-el-dia-de-su-boda\/photo-15\/\" rel=\"attachment wp-att-50146\"><img data-recalc-dims=\"1\" loading=\"lazy\" decoding=\"async\" aria-describedby=\"caption-attachment-50146\" class=\"wp-image-50146\" src=\"https:\/\/i0.wp.com\/www.austincnm.com\/wp-content\/uploads\/2014\/07\/photo-525x700.jpg?resize=263%2C351\" alt=\"Boda\" width=\"263\" height=\"351\" \/><\/a><p id=\"caption-attachment-50146\" class=\"wp-caption-text\">Invitacion<\/p><\/div>\n<p>Estas a punto de entrar a una de las aventuras m\u00e1s bellas de tu vida. Estoy muy feliz y contenta por esta ocasi\u00f3n. Podr\u00eda platicarte de c\u00f3mo te he visto crecer a trav\u00e9s de los a\u00f1os y todo eso pero estoy segura que tu mam\u00e1 y tu pap\u00e1 tendr\u00e1n bastante de esos comentarios para ti. Mejor, veo hacia el futuro y rezo desde el fondo de mi coraz\u00f3n que alg\u00fan d\u00eda recuerdes este d\u00eda con alegr\u00eda al reconocer la gracia inmensa que se derramo en el d\u00eda de tu boda.<\/p>\n<p>Mira, t\u00fa y el hombre que pronto ser\u00e1 tu esposo, estar\u00e1n frente al altar y todos escucharan al verlos pronunciar sus promesas ante Dios y Su iglesia. Pero lo que no ser\u00e1 visible al ojo humano, es la gracia abundante y las bendiciones que les dar\u00e1 el Esp\u00edritu Santo. El amor infinito del padre Dios y su hijo Cristo, en el Esp\u00edritu Santo ser\u00e1n desde ese momento, la fuente contin\u00faa del amor que se tienen. Dios mismo, reforzar\u00e1 y sellara sus promesas, haci\u00e9ndolas, irrompible al hombre. Para algunos tal vez esto da miedo, pero debe darte un sentido profundo de consuelo y paz porque no estar\u00e1n solos en el paseo de la monta\u00f1a rusa del matrimonio ustedes solos.<\/p>\n<div id=\"attachment_50148\" style=\"width: 294px\" class=\"wp-caption alignright\"><a href=\"http:\/\/www.austincnm.com\/index.php\/2014\/07\/para-mi-sobrina-en-el-dia-de-su-boda\/521705785_31b5994b4b_b\/\" rel=\"attachment wp-att-50148\"><img data-recalc-dims=\"1\" loading=\"lazy\" decoding=\"async\" aria-describedby=\"caption-attachment-50148\" class=\"wp-image-50148 size-medium\" src=\"https:\/\/i0.wp.com\/www.austincnm.com\/wp-content\/uploads\/2014\/07\/521705785_31b5994b4b_b-284x190.jpg?resize=284%2C190\" alt=\"Matrimonio\" width=\"284\" height=\"190\" \/><\/a><p id=\"caption-attachment-50148\" class=\"wp-caption-text\">Matrimonio<\/p><\/div>\n<p>No estamos hablando de un simple contrato o acuerdo entre dos personas que resulta de la compatibilidad y estar enamorados. Es un pacto y uno de los mejores regalos en la vida con Cristo, pero tenemos que seguir aceptando continuamente y voluntariamente, la gracia que \u00c9l nos ofrece. Jesucristo estar\u00e1 contigo en la Eucarist\u00eda y cada vez que vayas a \u00c9l en el sacramento de la confesi\u00f3n.<\/p>\n<p>Y por cierto, ese \u00faltimo, es absolutamente necesario. Ponlo en tu calendario o haz lo que tengas que hacer para llegar ah\u00ed, almenos una vez al mes. No te preocupes por lo que tu esposo tal vez haga mal en tu perspectiva, preoc\u00fapate por lo que sea un obst\u00e1culo para ti en amarlo a \u00e9l como Cristo te ama a ti. El amor que dar\u00e1s, el verdadero amor, no solo besos y abrazos, pero el amor que tiene que ver con esos actos desinteresados, ser\u00e1n posibles a trav\u00e9s de la gracia de Dios y dar\u00e1n fruto a trav\u00e9s de su gracia tambi\u00e9n.<\/p>\n<p><strong>Respeto y Perd\u00f3n:<\/strong><\/p>\n<p>Respeta a tu esposo como el l\u00edder de tu hogar. El ser\u00e1 el l\u00edder espiritual y el protector de tu familia. Si no est\u00e1n de acuerdo, platiquen claro, pero m\u00e1s importante, \u00a1RECEN! Recen juntos, reza t\u00fa por \u00e9l, reza por ti mismo, reza por todos los matrimonios y todas las familias. Reconoce que papel que tu esposo tiene es muy importante y que tus oraciones por el son muy importantes.<\/p>\n<div id=\"attachment_50147\" style=\"width: 560px\" class=\"wp-caption aligncenter\"><a href=\"http:\/\/www.austincnm.com\/index.php\/2014\/07\/para-mi-sobrina-en-el-dia-de-su-boda\/5448483535_c7449bf700_b\/\" rel=\"attachment wp-att-50147\"><img data-recalc-dims=\"1\" loading=\"lazy\" decoding=\"async\" aria-describedby=\"caption-attachment-50147\" class=\"wp-image-50147 size-large\" src=\"https:\/\/i0.wp.com\/www.austincnm.com\/wp-content\/uploads\/2014\/07\/5448483535_c7449bf700_b-550x366.jpg?resize=550%2C366\" alt=\"Pajaritos Enamorados\" width=\"550\" height=\"366\" \/><\/a><p id=\"caption-attachment-50147\" class=\"wp-caption-text\">Pajaritos Enamorados<\/p><\/div>\n<p>Unas de las cosas m\u00e1s dif\u00edciles para las mujeres, al escuchar los mensajes del mundo, es pensar cuanto merecemos, cuanto se debe hacer por nosotros, y todos los derechos que tenemos. S\u00ed, tenemos valor como los hombres. Yo dir\u00eda que mucho valor porque damos luz a los hijos, pero cuando escuches \u201cque las esposas se sometan a sus maridos\u201d no te estremezcas y pienses en esas protestas con letreros que dicen \u201cderechos iguales\u201d. Respeta a tu marido por consideraci\u00f3n a Cristo. (Carta a los Efesios 5:21)\u00a0\u00a0 Cuando das honor a tu esposo, estas dando honor a Dios. Ese bello amor que tienes en tu esposo es un regalo directamente de Dios.<\/p>\n<p>Perdona porque t\u00fa has sido perdonada. <strong>No 7 veces, sino 77 veces<\/strong> (Mateo 18:22), escr\u00edbelo en tu pared o est\u00e1mpalo en tu frente. Esto no quiere decir que todos tienen un pase libre para hacer lo que quieran. Esto quiere decir que tienes que liberarte de tu orgullo, que muchas veces, si sigues aferrada a el, creara un enorme y largo desacuerdo o coraje, que probablemente fue causado por alg\u00fan peque\u00f1o y menor acto sin sentido por falta de amabilidad.<\/p>\n<p>Escucha o lee las escrituras cada d\u00eda. La Palabra viva de Dios de transformara y te guiar\u00e1 en tu papel como esposa y mama.<\/p>\n<p>Pasa tiempo con Jes\u00fas en adoraci\u00f3n. Cuando no sepas que hacer o tengas algo que tal vez parece muy dif\u00edcil, \u00c9l te dar\u00e1 paz, descanso, y direcci\u00f3n. Vayan juntos si pueden. No es probable que pongan a pelear ah\u00ed frente a Jesus. Si vas sola, entonces regresaras con una extra dosis de amor para compartir. Es el mejor lugar en donde estar, en cualquier momento.<\/p>\n<p>En caso que no te hayas fijado, el tema aqu\u00ed, es Jesus. Si claro, necesitan dedicar tiempo para estar juntos, saber c\u00f3mo manejar sus finanzas, y tener un buen sentido del humor, pero cuando tienes a Jes\u00fas en el centro de tu matrimonio, todo eso llega.<\/p>\n<blockquote><p>\u00bfDe d\u00f3nde voy a sacar la fuerza para describir de manera satisfactoria la dicha del matrimonio que celebra la Iglesia, que confirma la ofrenda, que sella la bendici\u00f3n, que los \u00e1ngeles proclaman, y el Padre celestial ratifica? \u00a1Qu\u00e9 matrimonio el de dos cristianos, unidos por una sola esperanza, un solo deseo, una sola disciplina, el mismo servicio! Los dos hijos de un mismo Padre, servidores de un mismo Se\u00f1or; nada los separa, ni en el esp\u00edritu ni en la carne; al contrario, son verdaderamente dos en una sola carne. Donde la carne es una, tambi\u00e9n es uno el esp\u00edritu (Tertuliano, Ad uxorem\u00a0 2,9; cf. <a href=\"http:\/\/www.vatican.va\/holy_father\/john_paul_ii\/apost_exhortations\/documents\/hf_jp-ii_exh_19811122_familiaris-consortio_sp.html\">FC<\/a> 13). <strong>Catecismo de la Iglesia<\/strong><strong>Cat\u00f3lica<\/strong><strong> 1642<\/strong><\/p><\/blockquote>\n<p>\u00daltima nota \u2013 mantente cerca a nuestra Santa Madre Mar\u00eda. Ella conoce y ama a Jes\u00fas m\u00e1s que ninguno de nosotros. Ella estar\u00e1 ah\u00ed contigo, rezando por los dos.<\/p>\n<div id=\"attachment_50149\" style=\"width: 476px\" class=\"wp-caption aligncenter\"><a href=\"http:\/\/www.austincnm.com\/index.php\/2014\/07\/para-mi-sobrina-en-el-dia-de-su-boda\/img_2628\/\" rel=\"attachment wp-att-50149\"><img data-recalc-dims=\"1\" loading=\"lazy\" decoding=\"async\" aria-describedby=\"caption-attachment-50149\" class=\"wp-image-50149 size-large\" src=\"https:\/\/i0.wp.com\/www.austincnm.com\/wp-content\/uploads\/2014\/07\/IMG_2628-466x700.jpg?resize=466%2C700\" alt=\"Jos\u00e9 Mar\u00eda y Jes\u00fas\" width=\"466\" height=\"700\" \/><\/a><p id=\"caption-attachment-50149\" class=\"wp-caption-text\">Jos\u00e9 Mar\u00eda y Jes\u00fas<\/p><\/div>\n","protected":false},"excerpt":{"rendered":"<p>Estas a punto de entrar a una de las aventuras m\u00e1s bellas de tu vida. Estoy muy feliz y contenta por esta ocasi\u00f3n. Podr\u00eda platicarte de c\u00f3mo te he visto crecer a trav\u00e9s de los a\u00f1os y todo eso pero estoy segura que tu mam\u00e1 y tu pap\u00e1 tendr\u00e1n bastante de esos comentarios para ti&#8230;.&nbsp;<a href=\"https:\/\/atxcatholic.com\/index.php\/2014\/07\/para-mi-sobrina-en-el-dia-de-su-boda\/\">[Read&nbsp;More]<\/a><\/p>\n","protected":false},"author":50,"featured_media":0,"comment_status":"open","ping_status":"open","sticky":false,"template":"","format":"standard","meta":{"_genesis_hide_title":false,"_genesis_hide_breadcrumbs":false,"_genesis_hide_singular_image":false,"_genesis_hide_footer_widgets":false,"_genesis_custom_body_class":"","_genesis_custom_post_class":"","_genesis_layout":"","_jetpack_newsletter_access":"","_jetpack_dont_email_post_to_subs":false,"_jetpack_newsletter_tier_id":0,"_jetpack_memberships_contains_paywalled_content":false,"_wpcom_ai_launchpad_first_post":false,"_jetpack_feature_clip_id":0,"_jetpack_memberships_contains_paid_content":false,"footnotes":"","jetpack_publicize_message":"{title}\n\n{excerpt}\n\n{url}","jetpack_publicize_feature_enabled":true,"jetpack_social_post_already_shared":false,"jetpack_social_options":{"image_generator_settings":{"template":"highway","default_image_id":0,"font":"","enabled":false},"version":2},"_wpas_customize_per_network":false,"jetpack_post_was_ever_published":false},"categories":[245],"tags":[2439,903,2438,902,2436,2437,1936,261,550,314,1014,2440,727],"class_list":["post-50145","post","type-post","status-publish","format-standard","category-la-fe","tag-abrazos","tag-amor","tag-besos","tag-boda","tag-casarse","tag-contrato","tag-espiritu-santo","tag-familia","tag-iglesia","tag-matrimonio","tag-perdon","tag-respeto","tag-sacramento","entry","has-post-thumbnail"],"aioseo_notices":[],"aioseo_head":"\n\t\t<!-- All in One SEO 5.0.1.1 - aioseo.com -->\n\t<meta name=\"description\" content=\"Estas a punto de entrar a una de las aventuras m\u00e1s bellas de tu vida. Estoy muy feliz y contenta por esta ocasi\u00f3n. Podr\u00eda platicarte de c\u00f3mo te he visto crecer a trav\u00e9s de los a\u00f1os y todo eso pero estoy segura que tu mam\u00e1 y tu pap\u00e1 tendr\u00e1n bastante de esos comentarios para ti.\" \/>\n\t<meta name=\"robots\" content=\"max-image-preview:large\" \/>\n\t<meta name=\"author\" content=\"Maria Salazar\"\/>\n\t<meta name=\"keywords\" content=\"abrazos,amor,besos,boda,casarse,contrato,espiritu santo,familia,iglesia,matrimonio,perdon,respeto,sacramento,la fe\" \/>\n\t<link rel=\"canonical\" href=\"https:\/\/atxcatholic.com\/index.php\/2014\/07\/para-mi-sobrina-en-el-dia-de-su-boda\/\" \/>\n\t<meta name=\"generator\" content=\"All in One SEO (AIOSEO) 5.0.1.1\" \/>\n\t\t<meta property=\"og:locale\" content=\"en_US\" \/>\n\t\t<meta property=\"og:site_name\" content=\"ATX Catholic | A Voice in the Church in Central Texas\" \/>\n\t\t<meta property=\"og:type\" content=\"article\" \/>\n\t\t<meta property=\"og:title\" content=\"Para mi sobrina en el d\u00eda de su boda | ATX Catholic\" \/>\n\t\t<meta property=\"og:description\" content=\"Estas a punto de entrar a una de las aventuras m\u00e1s bellas de tu vida. Estoy muy feliz y contenta por esta ocasi\u00f3n. Podr\u00eda platicarte de c\u00f3mo te he visto crecer a trav\u00e9s de los a\u00f1os y todo eso pero estoy segura que tu mam\u00e1 y tu pap\u00e1 tendr\u00e1n bastante de esos comentarios para ti.\" \/>\n\t\t<meta property=\"og:url\" content=\"https:\/\/atxcatholic.com\/index.php\/2014\/07\/para-mi-sobrina-en-el-dia-de-su-boda\/\" \/>\n\t\t<meta property=\"article:published_time\" content=\"2014-07-31T12:54:02+00:00\" \/>\n\t\t<meta property=\"article:modified_time\" content=\"2020-07-25T07:14:57+00:00\" \/>\n\t\t<meta property=\"article:publisher\" content=\"https:\/\/www.facebook.com\/atxcatholic\" \/>\n\t\t<meta name=\"twitter:card\" content=\"summary\" \/>\n\t\t<meta name=\"twitter:title\" content=\"Para mi sobrina en el d\u00eda de su boda | ATX Catholic\" \/>\n\t\t<meta name=\"twitter:description\" content=\"Estas a punto de entrar a una de las aventuras m\u00e1s bellas de tu vida. Estoy muy feliz y contenta por esta ocasi\u00f3n. Podr\u00eda platicarte de c\u00f3mo te he visto crecer a trav\u00e9s de los a\u00f1os y todo eso pero estoy segura que tu mam\u00e1 y tu pap\u00e1 tendr\u00e1n bastante de esos comentarios para ti.\" \/>\n\t\t<meta name=\"twitter:image\" content=\"http:\/\/atxcatholic.com\/wp-content\/uploads\/2010\/10\/ATXCatholic-CoverImage.jpg\" \/>\n\t\t<script type=\"application\/ld+json\" class=\"aioseo-schema\">\n\t\t\t{\"@context\":\"https:\\\/\\\/schema.org\",\"@graph\":[{\"@type\":\"Article\",\"@id\":\"https:\\\/\\\/atxcatholic.com\\\/index.php\\\/2014\\\/07\\\/para-mi-sobrina-en-el-dia-de-su-boda\\\/#article\",\"name\":\"Para mi sobrina en el d\\u00eda de su boda | ATX Catholic\",\"headline\":\"Para mi sobrina en el d\\u00eda de su boda\",\"author\":{\"@id\":\"https:\\\/\\\/atxcatholic.com\\\/index.php\\\/author\\\/mariasalazar\\\/#author\"},\"publisher\":{\"@id\":\"https:\\\/\\\/atxcatholic.com\\\/#organization\"},\"image\":{\"@type\":\"ImageObject\",\"url\":\"http:\\\/\\\/www.austincnm.com\\\/wp-content\\\/uploads\\\/2014\\\/07\\\/photo-525x700.jpg\",\"@id\":\"https:\\\/\\\/atxcatholic.com\\\/index.php\\\/2014\\\/07\\\/para-mi-sobrina-en-el-dia-de-su-boda\\\/#articleImage\"},\"datePublished\":\"2014-07-31T07:54:02-05:00\",\"dateModified\":\"2020-07-25T02:14:57-05:00\",\"inLanguage\":\"en-US\",\"mainEntityOfPage\":{\"@id\":\"https:\\\/\\\/atxcatholic.com\\\/index.php\\\/2014\\\/07\\\/para-mi-sobrina-en-el-dia-de-su-boda\\\/#webpage\"},\"isPartOf\":{\"@id\":\"https:\\\/\\\/atxcatholic.com\\\/index.php\\\/2014\\\/07\\\/para-mi-sobrina-en-el-dia-de-su-boda\\\/#webpage\"},\"articleSection\":\"La Fe, abrazos, amor, besos, boda, casarse, contrato, Espiritu Santo, familia, Iglesia, Matrimonio, perdon, respeto, Sacramento\"},{\"@type\":\"BreadcrumbList\",\"@id\":\"https:\\\/\\\/atxcatholic.com\\\/index.php\\\/2014\\\/07\\\/para-mi-sobrina-en-el-dia-de-su-boda\\\/#breadcrumblist\",\"itemListElement\":[{\"@type\":\"ListItem\",\"@id\":\"https:\\\/\\\/atxcatholic.com#listItem\",\"position\":1,\"name\":\"Home\",\"item\":\"https:\\\/\\\/atxcatholic.com\",\"nextItem\":{\"@type\":\"ListItem\",\"@id\":\"https:\\\/\\\/atxcatholic.com\\\/index.php\\\/category\\\/acnm\\\/#listItem\",\"name\":\"ACNM\"}},{\"@type\":\"ListItem\",\"@id\":\"https:\\\/\\\/atxcatholic.com\\\/index.php\\\/category\\\/acnm\\\/#listItem\",\"position\":2,\"name\":\"ACNM\",\"item\":\"https:\\\/\\\/atxcatholic.com\\\/index.php\\\/category\\\/acnm\\\/\",\"nextItem\":{\"@type\":\"ListItem\",\"@id\":\"https:\\\/\\\/atxcatholic.com\\\/index.php\\\/category\\\/acnm\\\/en-espanol\\\/#listItem\",\"name\":\"En Espa\\u00f1ol\"},\"previousItem\":{\"@type\":\"ListItem\",\"@id\":\"https:\\\/\\\/atxcatholic.com#listItem\",\"name\":\"Home\"}},{\"@type\":\"ListItem\",\"@id\":\"https:\\\/\\\/atxcatholic.com\\\/index.php\\\/category\\\/acnm\\\/en-espanol\\\/#listItem\",\"position\":3,\"name\":\"En Espa\\u00f1ol\",\"item\":\"https:\\\/\\\/atxcatholic.com\\\/index.php\\\/category\\\/acnm\\\/en-espanol\\\/\",\"nextItem\":{\"@type\":\"ListItem\",\"@id\":\"https:\\\/\\\/atxcatholic.com\\\/index.php\\\/category\\\/acnm\\\/en-espanol\\\/la-fe\\\/#listItem\",\"name\":\"La Fe\"},\"previousItem\":{\"@type\":\"ListItem\",\"@id\":\"https:\\\/\\\/atxcatholic.com\\\/index.php\\\/category\\\/acnm\\\/#listItem\",\"name\":\"ACNM\"}},{\"@type\":\"ListItem\",\"@id\":\"https:\\\/\\\/atxcatholic.com\\\/index.php\\\/category\\\/acnm\\\/en-espanol\\\/la-fe\\\/#listItem\",\"position\":4,\"name\":\"La Fe\",\"item\":\"https:\\\/\\\/atxcatholic.com\\\/index.php\\\/category\\\/acnm\\\/en-espanol\\\/la-fe\\\/\",\"nextItem\":{\"@type\":\"ListItem\",\"@id\":\"https:\\\/\\\/atxcatholic.com\\\/index.php\\\/2014\\\/07\\\/para-mi-sobrina-en-el-dia-de-su-boda\\\/#listItem\",\"name\":\"Para mi sobrina en el d\\u00eda de su boda\"},\"previousItem\":{\"@type\":\"ListItem\",\"@id\":\"https:\\\/\\\/atxcatholic.com\\\/index.php\\\/category\\\/acnm\\\/en-espanol\\\/#listItem\",\"name\":\"En Espa\\u00f1ol\"}},{\"@type\":\"ListItem\",\"@id\":\"https:\\\/\\\/atxcatholic.com\\\/index.php\\\/2014\\\/07\\\/para-mi-sobrina-en-el-dia-de-su-boda\\\/#listItem\",\"position\":5,\"name\":\"Para mi sobrina en el d\\u00eda de su boda\",\"previousItem\":{\"@type\":\"ListItem\",\"@id\":\"https:\\\/\\\/atxcatholic.com\\\/index.php\\\/category\\\/acnm\\\/en-espanol\\\/la-fe\\\/#listItem\",\"name\":\"La Fe\"}}]},{\"@type\":\"Organization\",\"@id\":\"https:\\\/\\\/atxcatholic.com\\\/#organization\",\"name\":\"ATX Catholic\",\"description\":\"A Voice in the Church in Central Texas\",\"url\":\"https:\\\/\\\/atxcatholic.com\\\/\",\"logo\":{\"@type\":\"ImageObject\",\"url\":\"http:\\\/\\\/atxcatholic.com\\\/wp-content\\\/uploads\\\/2016\\\/02\\\/ATXCatholic-Vertical.jpg\",\"@id\":\"https:\\\/\\\/atxcatholic.com\\\/index.php\\\/2014\\\/07\\\/para-mi-sobrina-en-el-dia-de-su-boda\\\/#organizationLogo\"},\"image\":{\"@id\":\"https:\\\/\\\/atxcatholic.com\\\/index.php\\\/2014\\\/07\\\/para-mi-sobrina-en-el-dia-de-su-boda\\\/#organizationLogo\"},\"sameAs\":[\"https:\\\/\\\/www.facebook.com\\\/atxcatholic\"]},{\"@type\":\"Person\",\"@id\":\"https:\\\/\\\/atxcatholic.com\\\/index.php\\\/author\\\/mariasalazar\\\/#author\",\"url\":\"https:\\\/\\\/atxcatholic.com\\\/index.php\\\/author\\\/mariasalazar\\\/\",\"name\":\"Maria Salazar\",\"image\":{\"@type\":\"ImageObject\",\"@id\":\"https:\\\/\\\/atxcatholic.com\\\/index.php\\\/2014\\\/07\\\/para-mi-sobrina-en-el-dia-de-su-boda\\\/#authorImage\",\"url\":\"https:\\\/\\\/secure.gravatar.com\\\/avatar\\\/177b88dc7bb4ff30891e215282a48b26dbeca2eae1b0bf221ef1c3b4d6e79340?s=96&d=initials&r=g&initials=MS\",\"width\":96,\"height\":96,\"caption\":\"Maria Salazar\"}},{\"@type\":\"WebPage\",\"@id\":\"https:\\\/\\\/atxcatholic.com\\\/index.php\\\/2014\\\/07\\\/para-mi-sobrina-en-el-dia-de-su-boda\\\/#webpage\",\"url\":\"https:\\\/\\\/atxcatholic.com\\\/index.php\\\/2014\\\/07\\\/para-mi-sobrina-en-el-dia-de-su-boda\\\/\",\"name\":\"Para mi sobrina en el d\\u00eda de su boda | ATX Catholic\",\"description\":\"Estas a punto de entrar a una de las aventuras m\\u00e1s bellas de tu vida. Estoy muy feliz y contenta por esta ocasi\\u00f3n. Podr\\u00eda platicarte de c\\u00f3mo te he visto crecer a trav\\u00e9s de los a\\u00f1os y todo eso pero estoy segura que tu mam\\u00e1 y tu pap\\u00e1 tendr\\u00e1n bastante de esos comentarios para ti.\",\"inLanguage\":\"en-US\",\"isPartOf\":{\"@id\":\"https:\\\/\\\/atxcatholic.com\\\/#website\"},\"breadcrumb\":{\"@id\":\"https:\\\/\\\/atxcatholic.com\\\/index.php\\\/2014\\\/07\\\/para-mi-sobrina-en-el-dia-de-su-boda\\\/#breadcrumblist\"},\"author\":{\"@id\":\"https:\\\/\\\/atxcatholic.com\\\/index.php\\\/author\\\/mariasalazar\\\/#author\"},\"creator\":{\"@id\":\"https:\\\/\\\/atxcatholic.com\\\/index.php\\\/author\\\/mariasalazar\\\/#author\"},\"datePublished\":\"2014-07-31T07:54:02-05:00\",\"dateModified\":\"2020-07-25T02:14:57-05:00\"},{\"@type\":\"WebSite\",\"@id\":\"https:\\\/\\\/atxcatholic.com\\\/#website\",\"url\":\"https:\\\/\\\/atxcatholic.com\\\/\",\"name\":\"ATX Catholic\",\"description\":\"A Voice in the Church in Central Texas\",\"inLanguage\":\"en-US\",\"publisher\":{\"@id\":\"https:\\\/\\\/atxcatholic.com\\\/#organization\"}}]}\n\t\t<\/script>\n\t\t<!-- All in One SEO -->\n\n","aioseo_head_json":{"title":"Para mi sobrina en el d\u00eda de su boda | ATX Catholic","description":"Estas a punto de entrar a una de las aventuras m\u00e1s bellas de tu vida. Estoy muy feliz y contenta por esta ocasi\u00f3n. Podr\u00eda platicarte de c\u00f3mo te he visto crecer a trav\u00e9s de los a\u00f1os y todo eso pero estoy segura que tu mam\u00e1 y tu pap\u00e1 tendr\u00e1n bastante de esos comentarios para ti.","canonical_url":"https:\/\/atxcatholic.com\/index.php\/2014\/07\/para-mi-sobrina-en-el-dia-de-su-boda\/","robots":"max-image-preview:large","keywords":"abrazos,amor,besos,boda,casarse,contrato,espiritu santo,familia,iglesia,matrimonio,perdon,respeto,sacramento,la fe","webmasterTools":{"miscellaneous":""},"schema":{"@context":"https:\/\/schema.org","@graph":[{"@type":"Article","@id":"https:\/\/atxcatholic.com\/index.php\/2014\/07\/para-mi-sobrina-en-el-dia-de-su-boda\/#article","name":"Para mi sobrina en el d\u00eda de su boda | ATX Catholic","headline":"Para mi sobrina en el d\u00eda de su boda","author":{"@id":"https:\/\/atxcatholic.com\/index.php\/author\/mariasalazar\/#author"},"publisher":{"@id":"https:\/\/atxcatholic.com\/#organization"},"image":{"@type":"ImageObject","url":"http:\/\/www.austincnm.com\/wp-content\/uploads\/2014\/07\/photo-525x700.jpg","@id":"https:\/\/atxcatholic.com\/index.php\/2014\/07\/para-mi-sobrina-en-el-dia-de-su-boda\/#articleImage"},"datePublished":"2014-07-31T07:54:02-05:00","dateModified":"2020-07-25T02:14:57-05:00","inLanguage":"en-US","mainEntityOfPage":{"@id":"https:\/\/atxcatholic.com\/index.php\/2014\/07\/para-mi-sobrina-en-el-dia-de-su-boda\/#webpage"},"isPartOf":{"@id":"https:\/\/atxcatholic.com\/index.php\/2014\/07\/para-mi-sobrina-en-el-dia-de-su-boda\/#webpage"},"articleSection":"La Fe, abrazos, amor, besos, boda, casarse, contrato, Espiritu Santo, familia, Iglesia, Matrimonio, perdon, respeto, Sacramento"},{"@type":"BreadcrumbList","@id":"https:\/\/atxcatholic.com\/index.php\/2014\/07\/para-mi-sobrina-en-el-dia-de-su-boda\/#breadcrumblist","itemListElement":[{"@type":"ListItem","@id":"https:\/\/atxcatholic.com#listItem","position":1,"name":"Home","item":"https:\/\/atxcatholic.com","nextItem":{"@type":"ListItem","@id":"https:\/\/atxcatholic.com\/index.php\/category\/acnm\/#listItem","name":"ACNM"}},{"@type":"ListItem","@id":"https:\/\/atxcatholic.com\/index.php\/category\/acnm\/#listItem","position":2,"name":"ACNM","item":"https:\/\/atxcatholic.com\/index.php\/category\/acnm\/","nextItem":{"@type":"ListItem","@id":"https:\/\/atxcatholic.com\/index.php\/category\/acnm\/en-espanol\/#listItem","name":"En Espa\u00f1ol"},"previousItem":{"@type":"ListItem","@id":"https:\/\/atxcatholic.com#listItem","name":"Home"}},{"@type":"ListItem","@id":"https:\/\/atxcatholic.com\/index.php\/category\/acnm\/en-espanol\/#listItem","position":3,"name":"En Espa\u00f1ol","item":"https:\/\/atxcatholic.com\/index.php\/category\/acnm\/en-espanol\/","nextItem":{"@type":"ListItem","@id":"https:\/\/atxcatholic.com\/index.php\/category\/acnm\/en-espanol\/la-fe\/#listItem","name":"La Fe"},"previousItem":{"@type":"ListItem","@id":"https:\/\/atxcatholic.com\/index.php\/category\/acnm\/#listItem","name":"ACNM"}},{"@type":"ListItem","@id":"https:\/\/atxcatholic.com\/index.php\/category\/acnm\/en-espanol\/la-fe\/#listItem","position":4,"name":"La Fe","item":"https:\/\/atxcatholic.com\/index.php\/category\/acnm\/en-espanol\/la-fe\/","nextItem":{"@type":"ListItem","@id":"https:\/\/atxcatholic.com\/index.php\/2014\/07\/para-mi-sobrina-en-el-dia-de-su-boda\/#listItem","name":"Para mi sobrina en el d\u00eda de su boda"},"previousItem":{"@type":"ListItem","@id":"https:\/\/atxcatholic.com\/index.php\/category\/acnm\/en-espanol\/#listItem","name":"En Espa\u00f1ol"}},{"@type":"ListItem","@id":"https:\/\/atxcatholic.com\/index.php\/2014\/07\/para-mi-sobrina-en-el-dia-de-su-boda\/#listItem","position":5,"name":"Para mi sobrina en el d\u00eda de su boda","previousItem":{"@type":"ListItem","@id":"https:\/\/atxcatholic.com\/index.php\/category\/acnm\/en-espanol\/la-fe\/#listItem","name":"La Fe"}}]},{"@type":"Organization","@id":"https:\/\/atxcatholic.com\/#organization","name":"ATX Catholic","description":"A Voice in the Church in Central Texas","url":"https:\/\/atxcatholic.com\/","logo":{"@type":"ImageObject","url":"http:\/\/atxcatholic.com\/wp-content\/uploads\/2016\/02\/ATXCatholic-Vertical.jpg","@id":"https:\/\/atxcatholic.com\/index.php\/2014\/07\/para-mi-sobrina-en-el-dia-de-su-boda\/#organizationLogo"},"image":{"@id":"https:\/\/atxcatholic.com\/index.php\/2014\/07\/para-mi-sobrina-en-el-dia-de-su-boda\/#organizationLogo"},"sameAs":["https:\/\/www.facebook.com\/atxcatholic"]},{"@type":"Person","@id":"https:\/\/atxcatholic.com\/index.php\/author\/mariasalazar\/#author","url":"https:\/\/atxcatholic.com\/index.php\/author\/mariasalazar\/","name":"Maria Salazar","image":{"@type":"ImageObject","@id":"https:\/\/atxcatholic.com\/index.php\/2014\/07\/para-mi-sobrina-en-el-dia-de-su-boda\/#authorImage","url":"https:\/\/secure.gravatar.com\/avatar\/177b88dc7bb4ff30891e215282a48b26dbeca2eae1b0bf221ef1c3b4d6e79340?s=96&d=initials&r=g&initials=MS","width":96,"height":96,"caption":"Maria Salazar"}},{"@type":"WebPage","@id":"https:\/\/atxcatholic.com\/index.php\/2014\/07\/para-mi-sobrina-en-el-dia-de-su-boda\/#webpage","url":"https:\/\/atxcatholic.com\/index.php\/2014\/07\/para-mi-sobrina-en-el-dia-de-su-boda\/","name":"Para mi sobrina en el d\u00eda de su boda | ATX Catholic","description":"Estas a punto de entrar a una de las aventuras m\u00e1s bellas de tu vida. Estoy muy feliz y contenta por esta ocasi\u00f3n. Podr\u00eda platicarte de c\u00f3mo te he visto crecer a trav\u00e9s de los a\u00f1os y todo eso pero estoy segura que tu mam\u00e1 y tu pap\u00e1 tendr\u00e1n bastante de esos comentarios para ti.","inLanguage":"en-US","isPartOf":{"@id":"https:\/\/atxcatholic.com\/#website"},"breadcrumb":{"@id":"https:\/\/atxcatholic.com\/index.php\/2014\/07\/para-mi-sobrina-en-el-dia-de-su-boda\/#breadcrumblist"},"author":{"@id":"https:\/\/atxcatholic.com\/index.php\/author\/mariasalazar\/#author"},"creator":{"@id":"https:\/\/atxcatholic.com\/index.php\/author\/mariasalazar\/#author"},"datePublished":"2014-07-31T07:54:02-05:00","dateModified":"2020-07-25T02:14:57-05:00"},{"@type":"WebSite","@id":"https:\/\/atxcatholic.com\/#website","url":"https:\/\/atxcatholic.com\/","name":"ATX Catholic","description":"A Voice in the Church in Central Texas","inLanguage":"en-US","publisher":{"@id":"https:\/\/atxcatholic.com\/#organization"}}]},"og:locale":"en_US","og:site_name":"ATX Catholic | A Voice in the Church in Central Texas","og:type":"article","og:title":"Para mi sobrina en el d\u00eda de su boda | ATX Catholic","og:description":"Estas a punto de entrar a una de las aventuras m\u00e1s bellas de tu vida. Estoy muy feliz y contenta por esta ocasi\u00f3n. Podr\u00eda platicarte de c\u00f3mo te he visto crecer a trav\u00e9s de los a\u00f1os y todo eso pero estoy segura que tu mam\u00e1 y tu pap\u00e1 tendr\u00e1n bastante de esos comentarios para ti.","og:url":"https:\/\/atxcatholic.com\/index.php\/2014\/07\/para-mi-sobrina-en-el-dia-de-su-boda\/","article:published_time":"2014-07-31T12:54:02+00:00","article:modified_time":"2020-07-25T07:14:57+00:00","article:publisher":"https:\/\/www.facebook.com\/atxcatholic","twitter:card":"summary","twitter:title":"Para mi sobrina en el d\u00eda de su boda | ATX Catholic","twitter:description":"Estas a punto de entrar a una de las aventuras m\u00e1s bellas de tu vida. Estoy muy feliz y contenta por esta ocasi\u00f3n. Podr\u00eda platicarte de c\u00f3mo te he visto crecer a trav\u00e9s de los a\u00f1os y todo eso pero estoy segura que tu mam\u00e1 y tu pap\u00e1 tendr\u00e1n bastante de esos comentarios para ti.","twitter:image":"http:\/\/atxcatholic.com\/wp-content\/uploads\/2010\/10\/ATXCatholic-CoverImage.jpg"},"aioseo_meta_data":{"post_id":"50145","title":null,"description":null,"keywords":null,"keyphrases":null,"primary_term":null,"canonical_url":null,"og_title":null,"og_description":null,"og_object_type":"default","og_image_type":"default","og_image_url":null,"og_image_width":null,"og_image_height":null,"og_image_custom_url":null,"og_image_custom_fields":null,"og_video":null,"og_custom_url":null,"og_article_section":null,"og_article_tags":null,"twitter_use_og":false,"twitter_card":"default","twitter_image_type":"default","twitter_image_url":null,"twitter_image_custom_url":null,"twitter_image_custom_fields":null,"twitter_title":null,"twitter_description":null,"schema":{"blockGraphs":[],"customGraphs":[],"default":{"data":{"Article":[],"Course":[],"Dataset":[],"FAQPage":[],"Movie":[],"Person":[],"Product":[],"ProductReview":[],"Car":[],"Recipe":[],"Service":[],"SoftwareApplication":[],"WebPage":[]},"graphName":"","isEnabled":true},"graphs":[]},"schema_type":null,"schema_type_options":null,"pillar_content":false,"robots_default":true,"robots_noindex":false,"robots_noarchive":false,"robots_nosnippet":false,"robots_nofollow":false,"robots_noimageindex":false,"robots_noodp":false,"robots_notranslate":false,"robots_max_snippet":null,"robots_max_videopreview":null,"robots_max_imagepreview":"large","priority":null,"frequency":null,"local_seo":null,"breadcrumb_settings":null,"limit_modified_date":false,"ai":null,"created":"2021-01-21 16:38:10","updated":"2025-07-09 12:12:54","seo_analyzer_scan_date":null,"focus_keyword":null,"additional_keywords":null,"truseo_locale":null},"jetpack_publicize_connections":[],"jetpack-related-posts":[{"id":27778,"url":"https:\/\/atxcatholic.com\/index.php\/2012\/12\/la-boda-de-oro-de-mis-padres\/","url_meta":{"origin":50145,"position":0},"title":"La Boda de Oro de Mis Padres","author":"Maria Salazar","date":"December 5, 2012","format":false,"excerpt":"Estamos haciendo planes para la celebraci\u00f3n de los 50 a\u00f1os de matrimonio de mis padres. \u00a050 a\u00f1os . . . si, algo que no es tan com\u00fan en el mundo en que vivimos ahora. \u00a0Gracias a Dios si hemos celebrado otras bodas de Oro entre la familia y amigos, pero\u2026","rel":"","context":"In &quot;En Espa\u00f1ol&quot;","block_context":{"text":"En Espa\u00f1ol","link":"https:\/\/atxcatholic.com\/index.php\/category\/acnm\/en-espanol\/"},"img":{"alt_text":"","src":"https:\/\/i0.wp.com\/www.austincnm.com\/wp-content\/uploads\/2012\/12\/Mom-and-Dad-2-280x300.jpg?resize=350%2C200","width":350,"height":200},"classes":[]},{"id":23000,"url":"https:\/\/atxcatholic.com\/index.php\/2012\/09\/un-dia-tu-y-yo-vamos-a-morir\/","url_meta":{"origin":50145,"position":1},"title":"Un D\u00eda Tu y Yo Vamos a Morir","author":"Maria Salazar","date":"September 12, 2012","format":false,"excerpt":"Esta semana recordamos los eventos tr\u00e1gicos que sucedieron hace 11 anos.\u00a0 Ese d\u00eda en Septiembre del a\u00f1o 2011 marcara un d\u00eda inolvidable en nuestras vidas.\u00a0 Con incredulidad, tristeza, \u00a0y temor miramos las torres gemelas caer.\u00a0 Muchas personas murieron ese d\u00eda, incluyendo muchos h\u00e9roes \u2013 y nunca olvidaremos ese d\u00eda y\u2026","rel":"","context":"In &quot;En Espa\u00f1ol&quot;","block_context":{"text":"En Espa\u00f1ol","link":"https:\/\/atxcatholic.com\/index.php\/category\/acnm\/en-espanol\/"},"img":{"alt_text":"","src":"https:\/\/i0.wp.com\/www.austincnm.com\/wp-content\/uploads\/2012\/09\/1294270_life_and_death_2.jpg?resize=350%2C200","width":350,"height":200},"classes":[]},{"id":20428,"url":"https:\/\/atxcatholic.com\/index.php\/2012\/08\/cuando-hay-tres-en-el-matrimonio\/","url_meta":{"origin":50145,"position":2},"title":"CUANDO HAY TRES EN EL MATRIMONIO","author":"Maria Salazar","date":"August 1, 2012","format":false,"excerpt":"El verano esta lleno de bodas. \u00a0Me encanta ver las fotos de los novios.\u00a0 Siempre es una ocasi\u00f3n de felicidad ver a dos seres unir sus vidas, prometiendo amarse y cuidarse para el resto de sus vidas, en la presencia de Dios.\u00a0 Es una bendici\u00f3n estar en una boda cuando\u2026","rel":"","context":"In &quot;En Espa\u00f1ol&quot;","block_context":{"text":"En Espa\u00f1ol","link":"https:\/\/atxcatholic.com\/index.php\/category\/acnm\/en-espanol\/"},"img":{"alt_text":"","src":"https:\/\/i0.wp.com\/www.austincnm.com\/wp-content\/uploads\/2012\/08\/1287427_celebrations.jpg?resize=350%2C200","width":350,"height":200},"classes":[]},{"id":40689,"url":"https:\/\/atxcatholic.com\/index.php\/2013\/07\/inquietud\/","url_meta":{"origin":50145,"position":3},"title":"Inquietud","author":"Maria Salazar","date":"July 17, 2013","format":false,"excerpt":"Hay etapas en nuestras vidas cuando sentimos una persistente inquietud.\u00a0 En veces sentimos esa inquietud por a\u00f1os.\u00a0 En algunos casos ni reconocemos este sentimiento interno que nos lanza a correr tras las cosas que pensamos que nos van a llenar y \u00a0que nos dar\u00e1n toda la felicidad que anhelamos. \u00a0\u2026","rel":"","context":"In &quot;En Espa\u00f1ol&quot;","block_context":{"text":"En Espa\u00f1ol","link":"https:\/\/atxcatholic.com\/index.php\/category\/acnm\/en-espanol\/"},"img":{"alt_text":"moving waves","src":"https:\/\/i0.wp.com\/www.austincnm.com\/wp-content\/uploads\/2013\/07\/moving-waves.jpg?resize=350%2C200","width":350,"height":200},"classes":[]},{"id":284621,"url":"https:\/\/atxcatholic.com\/index.php\/2016\/08\/la-mas-audaz-de-las-santas-de-la-iglesia\/","url_meta":{"origin":50145,"position":4},"title":"La m\u00e1s audaz de las santas de la Iglesia","author":"Sheila Morataya","date":"August 18, 2016","format":false,"excerpt":"\"El amor m\u00e1s fuerte y m\u00e1s puro no es el que sube desde la impresi\u00f3n, sino el que desciende desde la admiraci\u00f3n\" . Catalina de Siena Hoy te quiero presentar a mi nueva mejor amiga: Catalina Benincasa, mejor conocida en la Sociedad Cat\u00f3lica como Santa Catalina de Siena. Esta espectacular\u2026","rel":"","context":"In &quot;En Espa\u00f1ol&quot;","block_context":{"text":"En Espa\u00f1ol","link":"https:\/\/atxcatholic.com\/index.php\/category\/acnm\/en-espanol\/"},"img":{"alt_text":"Cati y Jesus","src":"https:\/\/i0.wp.com\/atxcatholic.com\/wp-content\/uploads\/2016\/08\/Cati-y-Jesus.jpg?resize=350%2C200","width":350,"height":200},"classes":[]},{"id":38000,"url":"https:\/\/atxcatholic.com\/index.php\/2013\/02\/12-consejos-para-mi-hija\/","url_meta":{"origin":50145,"position":5},"title":"12 Consejos Para Mi Hija","author":"Maria Salazar","date":"February 27, 2013","format":false,"excerpt":"\u00bfMe pregunto que cuales son los consejos m\u00e1s importantes que le puedo dar a mi hija?\u00a0 Por qu\u00e9 en fin, ella tendr\u00e1 que tomar sus propias decisiones algun d\u00eda. \u00a0\u00a0El mundo le grita muchas cosas y yo junto con su Pap\u00e1 tendremos que intentar ser las voces que ayuden a\u2026","rel":"","context":"In &quot;En Espa\u00f1ol&quot;","block_context":{"text":"En Espa\u00f1ol","link":"https:\/\/atxcatholic.com\/index.php\/category\/acnm\/en-espanol\/"},"img":{"alt_text":"4796183370195","src":"https:\/\/i0.wp.com\/www.austincnm.com\/wp-content\/uploads\/2013\/02\/4796183370195-225x300.jpg?resize=350%2C200","width":350,"height":200},"classes":[]}],"jetpack_likes_enabled":true,"jetpack_sharing_enabled":true,"amp_enabled":true,"jetpack_featured_media_url":"","_links":{"self":[{"href":"https:\/\/atxcatholic.com\/index.php\/wp-json\/wp\/v2\/posts\/50145","targetHints":{"allow":["GET"]}}],"collection":[{"href":"https:\/\/atxcatholic.com\/index.php\/wp-json\/wp\/v2\/posts"}],"about":[{"href":"https:\/\/atxcatholic.com\/index.php\/wp-json\/wp\/v2\/types\/post"}],"author":[{"embeddable":true,"href":"https:\/\/atxcatholic.com\/index.php\/wp-json\/wp\/v2\/users\/50"}],"replies":[{"embeddable":true,"href":"https:\/\/atxcatholic.com\/index.php\/wp-json\/wp\/v2\/comments?post=50145"}],"version-history":[{"count":1,"href":"https:\/\/atxcatholic.com\/index.php\/wp-json\/wp\/v2\/posts\/50145\/revisions"}],"predecessor-version":[{"id":2240321,"href":"https:\/\/atxcatholic.com\/index.php\/wp-json\/wp\/v2\/posts\/50145\/revisions\/2240321"}],"wp:attachment":[{"href":"https:\/\/atxcatholic.com\/index.php\/wp-json\/wp\/v2\/media?parent=50145"}],"wp:term":[{"taxonomy":"category","embeddable":true,"href":"https:\/\/atxcatholic.com\/index.php\/wp-json\/wp\/v2\/categories?post=50145"},{"taxonomy":"post_tag","embeddable":true,"href":"https:\/\/atxcatholic.com\/index.php\/wp-json\/wp\/v2\/tags?post=50145"}],"curies":[{"name":"wp","href":"https:\/\/api.w.org\/{rel}","templated":true}]}}