{"id":447704,"date":"2017-08-01T10:40:28","date_gmt":"2017-08-01T15:40:28","guid":{"rendered":"http:\/\/atxcatholic.com\/?p=447704"},"modified":"2017-08-01T10:40:28","modified_gmt":"2017-08-01T15:40:28","slug":"tienes-planes-este-viernes-el-obispo-de-austin-quiere-hablar-contigo","status":"publish","type":"post","link":"https:\/\/atxcatholic.com\/index.php\/2017\/08\/tienes-planes-este-viernes-el-obispo-de-austin-quiere-hablar-contigo\/","title":{"rendered":"\u00bfTienes planes ESTE VIERNES? \u00a1El Obispo de Austin quiere hablar contigo!"},"content":{"rendered":"<p><a href=\"https:\/\/i0.wp.com\/atxcatholic.com\/wp-content\/uploads\/2017\/08\/19956167_1510932048969464_3379060860744370081_o.jpg\"><img data-recalc-dims=\"1\" loading=\"lazy\" decoding=\"async\" class=\"alignright size-full wp-image-447705\" src=\"https:\/\/i0.wp.com\/atxcatholic.com\/wp-content\/uploads\/2017\/08\/19956167_1510932048969464_3379060860744370081_o.jpg?resize=2048%2C1071\" alt=\"\" width=\"2048\" height=\"1071\" \/><\/a><\/p>\n<p>&nbsp;<\/p>\n<p>Si tienes 18-35 a\u00f1os de edad y hablas espa\u00f1ol, esta invitaci\u00f3n para ti! Aparta el <strong>4 de agosto de 6-8 p.m.<\/strong> y acompa\u00f1a al <strong>Obispo Joe V\u00e1squez, y al Obispo Danny Garc\u00eda<\/strong>, en la parroquia de <strong>St. Helen en Georgetown<\/strong>. Sera una sesi\u00f3n de escucha que ayudara a la di\u00f3cesis en preparaci\u00f3n al S\u00ednodo de los Obispos 2018, en el tema de la Juventud, la Fe y el Discernimiento Vocacional.<\/p>\n<p>El Papa Francisco ha convocado este S\u00ednodo para escuchar, estudiar y entender mejor la situaci\u00f3n y circunstancias de la juventud de hoy, y de los adultos j\u00f3venes. Y \u00e9l quiere escuchar de todos &#8211; los que tienen fe y siempre lo practican, los que no tienen conexi\u00f3n con la fe, y todos caen entre medio. No es posible dudar que a nuestro Santo Padre, le importa mucho los desaf\u00edos de los j\u00f3venes de hoy en d\u00eda:<\/p>\n<blockquote><p>A nivel mundial el mundo contempor\u00e1neo se caracteriza por una cultura \u201ccientificista\u201d, a menudo dominada por la t\u00e9cnica y por las infinitas posibilidades que \u00e9sta promete abrir, en cuyo interior no obstante \u00abse multiplican las formas de tristeza y soledad en las que caen las personas, entre ellas muchos j\u00f3venes\u00bb (<i><a href=\"http:\/\/w2.vatican.va\/content\/francesco\/es\/apost_letters\/documents\/papa-francesco-lettera-ap_20161120_misericordia-et-misera.html\">Misericordia et misera<\/a><\/i>, 3). [&#8230;] Quien es joven hoy vive la propia condici\u00f3n en un mundo diferente al de la generaci\u00f3n de sus padres y de sus educadores. No s\u00f3lo el sistema de obligaciones y oportunidades cambia con las transformaciones econ\u00f3micas y sociales, sino que mudan tambi\u00e9n, subyacentemente, deseos, necesidades, sensibilidades y el modo de relacionarse con los dem\u00e1s. Por otra parte, si desde un cierto punto de vista es verdad que con la globalizaci\u00f3n los j\u00f3venes tienden a ser cada vez m\u00e1s homog\u00e9neos en todas las partes del mundo, se mantienen sin embargo, en los contextos locales, peculiaridades culturales e institucionales que tienen repercusiones en el proceso de socializaci\u00f3n y de construcci\u00f3n de la identidad. &#8211; \u00a0Papa Francisco, <a href=\"http:\/\/www.vatican.va\/roman_curia\/synod\/documents\/rc_synod_doc_20170113_documento-preparatorio-xv_sp.html\">Documento Preparatorio para el S\u00ednodo<\/a><\/p><\/blockquote>\n<p>Se podr\u00edan inscribir por el evento por Facebook:<\/p>\n<p><a href=\"https:\/\/www.facebook.com\/events\/1285311254924280\">https:\/\/www.facebook.com\/events\/1285311254924280\u00a0<\/a><\/p>\n<p>\u00a1Y te pedimos que nos ayuda a compartirlo tambi\u00e9n! Invita a tus amigos, tus familiares, y a todos!<\/p>\n<p>Para m\u00e1s informaci\u00f3n sobre el s\u00ednodo, se puede leer m\u00e1s aqu\u00ed:<\/p>\n<p><a href=\"http:\/\/www.news.va\/es\/news\/sinodo-2018-los-jovenes-la-fe-y-el-discernimiento\">http:\/\/www.news.va\/es\/news\/sinodo-2018-los-jovenes-la-fe-y-el-discernimiento \u00a0<\/a><br \/>\n<a href=\"http:\/\/www.vatican.va\/roman_curia\/synod\/documents\/rc_synod_doc_20170113_documento-preparatorio-xv_sp.html\">http:\/\/www.vatican.va\/roman_curia\/synod\/documents\/rc_synod_doc_20170113_documento-preparatorio-xv_sp.html<\/a><\/p>\n<p>Para m\u00e1s informaci\u00f3n acerca de la sesi\u00f3n de escucha en Austin, contacte a <strong>Angie Marino marcando el (512) 949-2466.<\/strong><\/p>\n<p>&nbsp;<\/p>\n","protected":false},"excerpt":{"rendered":"<p>&nbsp; Si tienes 18-35 a\u00f1os de edad y hablas espa\u00f1ol, esta invitaci\u00f3n para ti! Aparta el 4 de agosto de 6-8 p.m. y acompa\u00f1a al Obispo Joe V\u00e1squez, y al Obispo Danny Garc\u00eda, en la parroquia de St. Helen en Georgetown. Sera una sesi\u00f3n de escucha que ayudara a la di\u00f3cesis en preparaci\u00f3n al S\u00ednodo&#8230;&nbsp;<a href=\"https:\/\/atxcatholic.com\/index.php\/2017\/08\/tienes-planes-este-viernes-el-obispo-de-austin-quiere-hablar-contigo\/\">[Read&nbsp;More]<\/a><\/p>\n","protected":false},"author":88,"featured_media":0,"comment_status":"open","ping_status":"open","sticky":false,"template":"","format":"standard","meta":{"_genesis_hide_title":false,"_genesis_hide_breadcrumbs":false,"_genesis_hide_singular_image":false,"_genesis_hide_footer_widgets":false,"_genesis_custom_body_class":"","_genesis_custom_post_class":"","_genesis_layout":"","_jetpack_newsletter_access":"","_jetpack_dont_email_post_to_subs":false,"_jetpack_newsletter_tier_id":0,"_jetpack_memberships_contains_paywalled_content":false,"_jetpack_memberships_contains_paid_content":false,"footnotes":"","jetpack_publicize_message":"","jetpack_publicize_feature_enabled":true,"jetpack_social_post_already_shared":false,"jetpack_social_options":{"image_generator_settings":{"template":"highway","default_image_id":0,"font":"","enabled":false},"version":2},"_wpas_customize_per_network":false,"jetpack_post_was_ever_published":false},"categories":[243,246],"tags":[3360,1875,3361,1513,3359],"class_list":{"0":"post-447704","1":"post","2":"type-post","3":"status-publish","4":"format-standard","6":"category-en-espanol","7":"category-eventos-locales","8":"tag-adultos-jovenes","9":"tag-jovenes","10":"tag-la-iglesia-y-jovenes","11":"tag-papa-francisco","12":"tag-sinodo","13":"entry","14":"has-post-thumbnail"},"aioseo_notices":[],"jetpack_publicize_connections":[],"jetpack_featured_media_url":"","jetpack-related-posts":[{"id":40808,"url":"https:\/\/atxcatholic.com\/index.php\/2013\/07\/homilia-del-papa-franciso-a-seminaristas-novicios-y-jovenes-discerniendo-sus-vocaciones\/","url_meta":{"origin":447704,"position":0},"title":"Homilia del Papa Franciso a Seminaristas, Novicios y jovenes discerniendo sus vocaciones","author":"Henry Cuellar","date":"July 20, 2013","format":false,"excerpt":"\"Usted sabe muy bien que el Se\u00f1or no mira tanto la grandeza de nuestras acciones, ni siquiera a su dificultad, pero en el amor con que lo hacemos.\" -Santa Teresa de Lisieux, doctora de la Iglesia El domingo 7 de julio, el Papa Francisco celebro el Santo Sacrificio de la\u2026","rel":"","context":"In &quot;En Espa\u00f1ol&quot;","block_context":{"text":"En Espa\u00f1ol","link":"https:\/\/atxcatholic.com\/index.php\/category\/acnm\/en-espanol\/"},"img":{"alt_text":"Pope Francis and Holy Spirit","src":"https:\/\/i0.wp.com\/www.austincnm.com\/wp-content\/uploads\/2013\/07\/Pope-Francis-and-HS-300x221.jpg?resize=350%2C200","width":350,"height":200},"classes":[]},{"id":40967,"url":"https:\/\/atxcatholic.com\/index.php\/2013\/07\/no-me-juzgues\/","url_meta":{"origin":447704,"position":1},"title":"No Me Juzgues","author":"Maria Salazar","date":"July 31, 2013","format":false,"excerpt":"Acabamos de ver la inmensidad de la Jornada Mundial De La Juventud 2013 con tres millones de j\u00f3venes atentos a las palabras y cada movimiento del Papa Francisco.\u00a0 Los mensajes del Papa nos han dejado a todos inspirados y listos para seguir el camino como disc\u00edpulos de Cristo.\u00a0 Nos ha\u2026","rel":"","context":"In &quot;En Espa\u00f1ol&quot;","block_context":{"text":"En Espa\u00f1ol","link":"https:\/\/atxcatholic.com\/index.php\/category\/acnm\/en-espanol\/"},"img":{"alt_text":"Pointing Fingers","src":"https:\/\/i0.wp.com\/www.austincnm.com\/wp-content\/uploads\/2013\/07\/Pointing-Fingers.jpg?resize=350%2C200","width":350,"height":200},"classes":[]},{"id":13082,"url":"https:\/\/atxcatholic.com\/index.php\/2012\/03\/visita-apostolica-de-benedicto-xvi-mexico-2012\/","url_meta":{"origin":447704,"position":2},"title":"VISITA APOSTOLICA DE BENEDICTO XVI  &#8211; M\u00c9XICO 2012","author":"Maria Salazar","date":"March 14, 2012","format":false,"excerpt":"\u201cSucesor de Pedro\u201d, \u201cMensajero de Jes\u00fas\u201d, \u201cPastor Del Reba\u00f1o de Cristo\u201d, Vicario de Cristo\u201d - Es identificado por muchos nombres, pero es mas conocido como El Papa Benedicto XVI y llegara a Le\u00f3n, M\u00e9xico el viernes 23 de Marzo.\u00a0 Visitara solamente el estado de Guanajuato, donde se reunir\u00e1 con el\u2026","rel":"","context":"In &quot;En Espa\u00f1ol&quot;","block_context":{"text":"En Espa\u00f1ol","link":"https:\/\/atxcatholic.com\/index.php\/category\/acnm\/en-espanol\/"},"img":{"alt_text":"","src":"https:\/\/i0.wp.com\/www.austincnm.com\/wp-content\/uploads\/2012\/03\/800px-Papa_Benedetto_XVI_alla_GMG_Colonia_2005_saluta_prima_della_veglia-300x225.jpg?resize=350%2C200","width":350,"height":200},"classes":[]},{"id":8106,"url":"https:\/\/atxcatholic.com\/index.php\/2011\/12\/creen-los-catolicos-que-las-personas-que-no-son-catolicos-van-al-infierno\/","url_meta":{"origin":447704,"position":3},"title":"\u00bfCreen los Cat\u00f3licos que las personas que no son Cat\u00f3licos van al infierno?","author":"Maria Salazar","date":"December 8, 2011","format":false,"excerpt":"Hace unos meses me encontr\u00e9 en una conversaci\u00f3n en la cual ni esperaba platicar temas de fe.\u00a0 Pero en medio de la conversaci\u00f3n, ah\u00ed estaba una pregunta, frente a m\u00ed por unos segundos (que ahora parece como minutos), esperando una respuesta como si fuera una de esas preguntas que les\u2026","rel":"","context":"In &quot;En Espa\u00f1ol&quot;","block_context":{"text":"En Espa\u00f1ol","link":"https:\/\/atxcatholic.com\/index.php\/category\/acnm\/en-espanol\/"},"img":{"alt_text":"","src":"https:\/\/i0.wp.com\/www.austincnm.com\/wp-content\/uploads\/2011\/12\/devotion1_xenia-228x300.jpg?resize=350%2C200","width":350,"height":200},"classes":[]},{"id":11609,"url":"https:\/\/atxcatholic.com\/index.php\/2012\/02\/la-lucha-por-la-libertad-religiosa\/","url_meta":{"origin":447704,"position":4},"title":"La Lucha Por La Libertad Religiosa, El Fruto Que Estamos Cosechando","author":"Armando Basualdo","date":"February 16, 2012","format":false,"excerpt":"Por m\u00e1s de diez d\u00edas he estado pensando en escribir este blog. Los eventos que estamos viviendo con respecto al constante ataque a la vida y la libertad de religi\u00f3n, ser\u00e1n recordados por muchos a\u00f1os. No deber\u00edamos de sorprendernos que estemos viendo el ataque directo contra estos dos puntos fundamentales.\u2026","rel":"","context":"In &quot;En Espa\u00f1ol&quot;","block_context":{"text":"En Espa\u00f1ol","link":"https:\/\/atxcatholic.com\/index.php\/category\/acnm\/en-espanol\/"},"img":{"alt_text":"In God We Trust (Reversed Len) by wilson.cheong, on Flickr","src":"https:\/\/i0.wp.com\/www.austincnm.com\/wp-content\/uploads\/2012\/02\/In-God-We-Trust-300x199.jpg?resize=350%2C200","width":350,"height":200},"classes":[]},{"id":9660,"url":"https:\/\/atxcatholic.com\/index.php\/2012\/01\/el-valiente\/","url_meta":{"origin":447704,"position":5},"title":"El Valiente","author":"Maria Salazar","date":"January 18, 2012","format":false,"excerpt":"\u00bfCuantos de nosotros vamos a una pel\u00edcula de terror o a una casa de espanto para aterrorizarnos? \u00a0Si claro, es por un momento, pero ah\u00ed vamos, pagamos dinero, y tenemos un momento de aventura, corre la adrenalina o nos divertimos un poco, pero al fin, con menos dinero en la\u2026","rel":"","context":"In &quot;En Espa\u00f1ol&quot;","block_context":{"text":"En Espa\u00f1ol","link":"https:\/\/atxcatholic.com\/index.php\/category\/acnm\/en-espanol\/"},"img":{"alt_text":"","src":"https:\/\/i0.wp.com\/www.austincnm.com\/wp-content\/uploads\/2012\/01\/Panic.jpg?resize=350%2C200","width":350,"height":200},"classes":[]}],"jetpack_likes_enabled":true,"jetpack_sharing_enabled":true,"amp_enabled":true,"_links":{"self":[{"href":"https:\/\/atxcatholic.com\/index.php\/wp-json\/wp\/v2\/posts\/447704","targetHints":{"allow":["GET"]}}],"collection":[{"href":"https:\/\/atxcatholic.com\/index.php\/wp-json\/wp\/v2\/posts"}],"about":[{"href":"https:\/\/atxcatholic.com\/index.php\/wp-json\/wp\/v2\/types\/post"}],"author":[{"embeddable":true,"href":"https:\/\/atxcatholic.com\/index.php\/wp-json\/wp\/v2\/users\/88"}],"replies":[{"embeddable":true,"href":"https:\/\/atxcatholic.com\/index.php\/wp-json\/wp\/v2\/comments?post=447704"}],"version-history":[{"count":0,"href":"https:\/\/atxcatholic.com\/index.php\/wp-json\/wp\/v2\/posts\/447704\/revisions"}],"wp:attachment":[{"href":"https:\/\/atxcatholic.com\/index.php\/wp-json\/wp\/v2\/media?parent=447704"}],"wp:term":[{"taxonomy":"category","embeddable":true,"href":"https:\/\/atxcatholic.com\/index.php\/wp-json\/wp\/v2\/categories?post=447704"},{"taxonomy":"post_tag","embeddable":true,"href":"https:\/\/atxcatholic.com\/index.php\/wp-json\/wp\/v2\/tags?post=447704"}],"curies":[{"name":"wp","href":"https:\/\/api.w.org\/{rel}","templated":true}]}}