{"id":44153,"date":"2014-03-01T07:48:44","date_gmt":"2014-03-01T13:48:44","guid":{"rendered":"http:\/\/www.austincnm.com\/?p=44153"},"modified":"2014-03-01T08:10:55","modified_gmt":"2014-03-01T14:10:55","slug":"porque-ayunamos-en-cuaresma","status":"publish","type":"post","link":"https:\/\/atxcatholic.com\/index.php\/2014\/03\/porque-ayunamos-en-cuaresma\/","title":{"rendered":"\u00bfPORQUE AYUNAMOS EN CUARESMA?"},"content":{"rendered":"<p><a href=\"http:\/\/www.austincnm.com\/index.php\/2014\/03\/porque-ayunamos-en-cuaresma\/tumblr_mtavhdvesw1st5lhmo1_1280\/\" rel=\"attachment wp-att-44154\"><img data-recalc-dims=\"1\" loading=\"lazy\" decoding=\"async\" class=\"alignleft size-medium wp-image-44154\" alt=\"tumblr_mtavhdvESW1st5lhmo1_1280\" src=\"https:\/\/i0.wp.com\/www.austincnm.com\/wp-content\/uploads\/2014\/03\/tumblr_mtavhdvESW1st5lhmo1_1280-300x199.jpg?resize=300%2C199\" width=\"300\" height=\"199\" \/><\/a>La temporada de cuaresma est\u00e1 cerca y llega el tiempo de abstinencia y ayuno.\u00a0 \u00bfPorque hacemos estas cosas? \u00bfPorque hay necesidad para el ayuno en nuestra vida espiritual?<\/p>\n<p>Hace unos d\u00edas estaba en la fila para confesi\u00f3n y me quede pensando en la cruz del altar.\u00a0 Record\u00e9 que yo estaba ah\u00ed esperando el sacramento de la reconciliaci\u00f3n por esa cruz.\u00a0 El hecho que yo <span style=\"text-decoration: underline;\">creo<\/span> que El muri\u00f3 por m\u00ed en la cruz,\u00a0 es la raz\u00f3n que pongo toda mi vida entera a los pies de esa cruz.\u00a0 Es la raz\u00f3n que yo tengo perd\u00f3n y que busco esa misericordia y Su luz cada vez que regreso a confesar mis pecados.<\/p>\n<p>Jesucristo no ten\u00eda pecado y no ten\u00eda necesidad de arrepentimiento, \u00a0y El tom\u00f3 40 d\u00edas para estar en el desierto, rezando y ayunando en preparaci\u00f3n para su ministerio.\u00a0 \u00bfEntonces nosotros que si somos pecadores porque no hemos de necesitar ayunar?<\/p>\n<p>Nuestro amado vino y se hizo hombre. \u00a0Fuimos salvados.\u00a0 La pasi\u00f3n y resurrecci\u00f3n de Cristo es la base de quien somos y como vivimos nuestras vidas.\u00a0 Siempre debemos estar enfocados en esto como cristianos, pero tenemos una gran oportunidad en esta temporada de recordar esto para reforzarnos de nuevo en nuestro camino espiritual.\u00a0 El calendario lit\u00fargico de la Iglesia es un regalo hermoso.\u00a0 En cada temporada, tenemos la oportunidad de reflejar y dirigir nuestro enfoque a la vida de Cristo.\u00a0 Es como un camino en vivo del Evangelio.<a href=\"http:\/\/www.austincnm.com\/index.php\/2014\/03\/porque-ayunamos-en-cuaresma\/tumblr_mve3mr27d41st5lhmo1_1280\/\" rel=\"attachment wp-att-44155\"><img data-recalc-dims=\"1\" loading=\"lazy\" decoding=\"async\" class=\"alignleft size-medium wp-image-44155\" alt=\"tumblr_mve3mr27d41st5lhmo1_1280\" src=\"https:\/\/i0.wp.com\/www.austincnm.com\/wp-content\/uploads\/2014\/03\/tumblr_mve3mr27d41st5lhmo1_1280-200x300.jpg?resize=200%2C300\" width=\"200\" height=\"300\" \/><\/a><\/p>\n<h2>Jes\u00fas dijo en el desierto cuando fue tentado,<b> \u201cDice la Escritura que el hombre no vive solamente de pan, sino de toda palabra que sale de la boca de Dios.\u201d Mateo 4:4<\/b><\/h2>\n<p>La comida es buena y claro la necesitamos para vivir f\u00edsicamente, pero es un enfoque constante en nuestras vida.\u00a0 \u201c\u00bfQue vamos a comer hoy? Nos preguntamos.\u00a0 \u201c\u00bfQue hay para cenar?\u201d\u00a0\u00a0 \u201c\u00a1Tengo hambre!\u201d\u00a0 Vemos algo delicioso y no podemos resistir.\u00a0 \u00a0El cuerpo tiende a dominarnos.\u00a0 El ayuno es una forma de tomar ese enfoque y dirigirlo a Dios.\u00a0 El ayuno, cuando se hace con el coraz\u00f3n y con intenci\u00f3n de penitencia o en oraci\u00f3n, ayuda a que nuestro esp\u00edritu sea elevado m\u00e1s a Dios. \u00a0Hay m\u00e1s lugar en nuestras mentes y corazoncitos para amar a Dios cuando eliminamos esa prioridad de estar comiendo hasta satisfacer nuestro apetito.<\/p>\n<p>Despu\u00e9s de ayunar, hay m\u00e1s agradecimiento por la comida, m\u00e1s templanza y sobriedad.\u00a0 Es una disciplina para el cuerpo que nos hace falta y es necesario.\u00a0 En muchas partes de la biblia vemos que a trav\u00e9s de nuestra historia desde Mois\u00e9s, hasta Pablo, eventos muy significantes y grandes ocurrieron cuando alguien o un pueblo ayuno.\u00a0 \u00a1En nuestro ayuno, esperemos que cosas grandes ocurran en nuestras almas y nuestra vida como hijos de Dios!<\/p>\n<p>La iglesia nos pide ayuno (dos comidas peque\u00f1as, nada de botana, y una comida moderada) y abstinencia de la carne roja en el Mi\u00e9rcoles de Ceniza y el Viernes Santo. \u00a0Pero hay diferentes formas que podemos ayunar.\u00a0 Podemos dejar alguna comida favorita, o ayunar de alguna cosa aqu\u00ed y ah\u00ed como algo que se nos antoje o que sea un exceso.\u00a0 Lo podemos ofrecer en oraci\u00f3n, dando gracias por lo que tenemos, ensen\u00e1ndole un poquito al cuerpo que el esp\u00edritu tiene prioridades m\u00e1s altas &#8211; \u00a0una uni\u00f3n con Cristo y una vida m\u00e1s all\u00e1 de lo que hay en este mundo.<\/p>\n<p>Por eso mismo vamos intentar no regresar a ese exceso sin control cuando se llegue la Pascua.\u00a0 A disfrutar entonces pero con templanza.\u00a0 Debemos salir de la cuaresma convertidos de alguna forma para seguir adelante con nuestra misi\u00f3n de vivir m\u00e1s cerca a Cristo cada d\u00eda m\u00e1s.<a href=\"http:\/\/www.austincnm.com\/index.php\/2014\/03\/porque-ayunamos-en-cuaresma\/tumblr_mtag5zve3g1st5lhmo1_1280\/\" rel=\"attachment wp-att-44156\"><img data-recalc-dims=\"1\" loading=\"lazy\" decoding=\"async\" class=\"alignright size-medium wp-image-44156\" alt=\"tumblr_mtag5zve3g1st5lhmo1_1280\" src=\"https:\/\/i0.wp.com\/www.austincnm.com\/wp-content\/uploads\/2014\/03\/tumblr_mtag5zve3g1st5lhmo1_1280-300x167.jpg?resize=300%2C167\" width=\"300\" height=\"167\" \/><\/a><\/p>\n<p>Empezamos la cuaresma con cenizas y escuchando, \u201cRecuerda, hombre, que polvo eres y en polvo te convertir\u00e1s.\u201d\u00a0 Pero cuando termina Cuaresma y celebramos Semana Santa, recordamos que eso no es nuestro final.\u00a0 Renovamos nuestras promesas de bautismo y gritamos el \u201cAleluya\u201d con fervor y firmeza porque esa es nuestra alegr\u00eda y esperanza m\u00e1s grande.<\/p>\n<p>Celebramos d\u00edas festivos como el d\u00eda de independencia de nuestro pa\u00eds.\u00a0 \u00bfPorque?\u00a0 Porque recordamos que fuimos liberados de alg\u00fan pa\u00eds o reino injusto.\u00a0 \u00a1Nuestra patria es un orgullo y tenemos libertad!\u00a0 Por eso mismo tenemos la cuaresma, para caminar con la Palabra de Dios, con Jesucristo mismo hasta la gloriosa celebraci\u00f3n de la Resurrecci\u00f3n.\u00a0 El Reino de Dios es nuestra meta y tenemos libertad del pecado por la batalla que se gan\u00f3 en la cruz en un viernes Santo.\u00a0 Esto es gran motivo para participar en la Cuaresma con intenci\u00f3n.\u00a0 Refleja \u00a0en cuanto nos ama nuestro salvador.\u00a0 \u00c9l nos espera ah\u00ed en ese lugar callado y apartado del mundo, para amarnos m\u00e1s.<\/p>\n<p style=\"text-align: center;\"><a href=\"http:\/\/www.austincnm.com\/index.php\/2014\/03\/porque-ayunamos-en-cuaresma\/tumblr_mrraat0h431st5lhmo1_1280\/\" rel=\"attachment wp-att-44157\"><img data-recalc-dims=\"1\" loading=\"lazy\" decoding=\"async\" class=\"aligncenter  wp-image-44157\" alt=\"tumblr_mrraat0H431st5lhmo1_1280\" src=\"https:\/\/i0.wp.com\/www.austincnm.com\/wp-content\/uploads\/2014\/03\/tumblr_mrraat0H431st5lhmo1_1280-630x418.jpg?resize=450%2C298\" width=\"450\" height=\"298\" \/><\/a><\/p>\n","protected":false},"excerpt":{"rendered":"<p>La temporada de cuaresma est\u00e1 cerca y llega el tiempo de abstinencia y ayuno.\u00a0 \u00bfPorque hacemos estas cosas? \u00bfPorque hay necesidad para el ayuno en nuestra vida espiritual? Hace unos d\u00edas estaba en la fila para confesi\u00f3n y me quede pensando en la cruz del altar.\u00a0 Record\u00e9 que yo estaba ah\u00ed esperando el sacramento de&#8230;&nbsp;<a href=\"https:\/\/atxcatholic.com\/index.php\/2014\/03\/porque-ayunamos-en-cuaresma\/\">[Read&nbsp;More]<\/a><\/p>\n","protected":false},"author":50,"featured_media":0,"comment_status":"open","ping_status":"open","sticky":false,"template":"","format":"standard","meta":{"_genesis_hide_title":false,"_genesis_hide_breadcrumbs":false,"_genesis_hide_singular_image":false,"_genesis_hide_footer_widgets":false,"_genesis_custom_body_class":"","_genesis_custom_post_class":"","_genesis_layout":"","_jetpack_newsletter_access":"","_jetpack_dont_email_post_to_subs":false,"_jetpack_newsletter_tier_id":0,"_jetpack_memberships_contains_paywalled_content":false,"_wpcom_ai_launchpad_first_post":false,"_jetpack_feature_clip_id":0,"_jetpack_memberships_contains_paid_content":false,"footnotes":"","jetpack_publicize_message":"{title}\n\n{excerpt}\n\n{url}","jetpack_publicize_feature_enabled":true,"jetpack_social_post_already_shared":false,"jetpack_social_options":{"image_generator_settings":{"template":"highway","default_image_id":0,"font":"","enabled":false},"version":2},"_wpas_customize_per_network":false,"jetpack_post_was_ever_published":false},"categories":[243,245],"tags":[2212,604,1431,1324,2214,785,607,602,355,2215,550,330,603,2213,711,606,1438],"class_list":["post-44153","post","type-post","status-publish","format-standard","category-en-espanol","category-la-fe","tag-amar","tag-ayunar","tag-ayuno","tag-catolica","tag-comer","tag-comida","tag-cruz","tag-cuaresma","tag-dios","tag-exceso","tag-iglesia","tag-jesus","tag-miercoles-de-ceniza","tag-orar","tag-pascua","tag-resureccion","tag-tentacion","entry","has-post-thumbnail"],"aioseo_notices":[],"aioseo_head":"\n\t\t<!-- All in One SEO 5.0.1.1 - aioseo.com -->\n\t<meta name=\"description\" content=\"La temporada de cuaresma est\u00e1 cerca y llega el tiempo de abstinencia y ayuno. \u00bfPorque hacemos estas cosas? \u00bfPorque hay necesidad para el ayuno en nuestra vida espiritual? Hace unos d\u00edas estaba en la fila para confesi\u00f3n y me quede pensando en la cruz del altar. Record\u00e9 que yo estaba ah\u00ed esperando el sacramento de\" \/>\n\t<meta name=\"robots\" content=\"max-image-preview:large\" \/>\n\t<meta name=\"author\" content=\"Maria Salazar\"\/>\n\t<meta name=\"keywords\" content=\"amar,ayunar,ayuno,catolica,comer,comida,cruz,cuaresma,dios,exceso,iglesia,jesus,miercoles de ceniza,orar,pascua,resureccion,tentacion,en espa\u00f1ol,la fe\" \/>\n\t<link rel=\"canonical\" href=\"https:\/\/atxcatholic.com\/index.php\/2014\/03\/porque-ayunamos-en-cuaresma\/\" \/>\n\t<meta name=\"generator\" content=\"All in One SEO (AIOSEO) 5.0.1.1\" \/>\n\t\t<meta property=\"og:locale\" content=\"en_US\" \/>\n\t\t<meta property=\"og:site_name\" content=\"ATX Catholic | A Voice in the Church in Central Texas\" \/>\n\t\t<meta property=\"og:type\" content=\"article\" \/>\n\t\t<meta property=\"og:title\" content=\"\u00bfPORQUE AYUNAMOS EN CUARESMA? | ATX Catholic\" \/>\n\t\t<meta property=\"og:description\" content=\"La temporada de cuaresma est\u00e1 cerca y llega el tiempo de abstinencia y ayuno. \u00bfPorque hacemos estas cosas? \u00bfPorque hay necesidad para el ayuno en nuestra vida espiritual? Hace unos d\u00edas estaba en la fila para confesi\u00f3n y me quede pensando en la cruz del altar. Record\u00e9 que yo estaba ah\u00ed esperando el sacramento de\" \/>\n\t\t<meta property=\"og:url\" content=\"https:\/\/atxcatholic.com\/index.php\/2014\/03\/porque-ayunamos-en-cuaresma\/\" \/>\n\t\t<meta property=\"article:published_time\" content=\"2014-03-01T13:48:44+00:00\" \/>\n\t\t<meta property=\"article:modified_time\" content=\"2014-03-01T14:10:55+00:00\" \/>\n\t\t<meta property=\"article:publisher\" content=\"https:\/\/www.facebook.com\/atxcatholic\" \/>\n\t\t<meta name=\"twitter:card\" content=\"summary\" \/>\n\t\t<meta name=\"twitter:title\" content=\"\u00bfPORQUE AYUNAMOS EN CUARESMA? | ATX Catholic\" \/>\n\t\t<meta name=\"twitter:description\" content=\"La temporada de cuaresma est\u00e1 cerca y llega el tiempo de abstinencia y ayuno. \u00bfPorque hacemos estas cosas? \u00bfPorque hay necesidad para el ayuno en nuestra vida espiritual? Hace unos d\u00edas estaba en la fila para confesi\u00f3n y me quede pensando en la cruz del altar. Record\u00e9 que yo estaba ah\u00ed esperando el sacramento de\" \/>\n\t\t<meta name=\"twitter:image\" content=\"http:\/\/atxcatholic.com\/wp-content\/uploads\/2010\/10\/ATXCatholic-CoverImage.jpg\" \/>\n\t\t<script type=\"application\/ld+json\" class=\"aioseo-schema\">\n\t\t\t{\"@context\":\"https:\\\/\\\/schema.org\",\"@graph\":[{\"@type\":\"Article\",\"@id\":\"https:\\\/\\\/atxcatholic.com\\\/index.php\\\/2014\\\/03\\\/porque-ayunamos-en-cuaresma\\\/#article\",\"name\":\"\\u00bfPORQUE AYUNAMOS EN CUARESMA? | ATX Catholic\",\"headline\":\"\\u00bfPORQUE AYUNAMOS EN CUARESMA?\",\"author\":{\"@id\":\"https:\\\/\\\/atxcatholic.com\\\/index.php\\\/author\\\/mariasalazar\\\/#author\"},\"publisher\":{\"@id\":\"https:\\\/\\\/atxcatholic.com\\\/#organization\"},\"image\":{\"@type\":\"ImageObject\",\"url\":\"http:\\\/\\\/www.austincnm.com\\\/wp-content\\\/uploads\\\/2014\\\/03\\\/tumblr_mtavhdvESW1st5lhmo1_1280-300x199.jpg\",\"@id\":\"https:\\\/\\\/atxcatholic.com\\\/index.php\\\/2014\\\/03\\\/porque-ayunamos-en-cuaresma\\\/#articleImage\"},\"datePublished\":\"2014-03-01T07:48:44-06:00\",\"dateModified\":\"2014-03-01T08:10:55-06:00\",\"inLanguage\":\"en-US\",\"mainEntityOfPage\":{\"@id\":\"https:\\\/\\\/atxcatholic.com\\\/index.php\\\/2014\\\/03\\\/porque-ayunamos-en-cuaresma\\\/#webpage\"},\"isPartOf\":{\"@id\":\"https:\\\/\\\/atxcatholic.com\\\/index.php\\\/2014\\\/03\\\/porque-ayunamos-en-cuaresma\\\/#webpage\"},\"articleSection\":\"En Espa\\u00f1ol, La Fe, amar, Ayunar, ayuno, catolica, comer, comida, cruz, Cuaresma, Dios, exceso, Iglesia, jesus, Miercoles de Ceniza, orar, Pascua, resureccion, tentacion\"},{\"@type\":\"BreadcrumbList\",\"@id\":\"https:\\\/\\\/atxcatholic.com\\\/index.php\\\/2014\\\/03\\\/porque-ayunamos-en-cuaresma\\\/#breadcrumblist\",\"itemListElement\":[{\"@type\":\"ListItem\",\"@id\":\"https:\\\/\\\/atxcatholic.com#listItem\",\"position\":1,\"name\":\"Home\",\"item\":\"https:\\\/\\\/atxcatholic.com\",\"nextItem\":{\"@type\":\"ListItem\",\"@id\":\"https:\\\/\\\/atxcatholic.com\\\/index.php\\\/category\\\/acnm\\\/#listItem\",\"name\":\"ACNM\"}},{\"@type\":\"ListItem\",\"@id\":\"https:\\\/\\\/atxcatholic.com\\\/index.php\\\/category\\\/acnm\\\/#listItem\",\"position\":2,\"name\":\"ACNM\",\"item\":\"https:\\\/\\\/atxcatholic.com\\\/index.php\\\/category\\\/acnm\\\/\",\"nextItem\":{\"@type\":\"ListItem\",\"@id\":\"https:\\\/\\\/atxcatholic.com\\\/index.php\\\/category\\\/acnm\\\/en-espanol\\\/#listItem\",\"name\":\"En Espa\\u00f1ol\"},\"previousItem\":{\"@type\":\"ListItem\",\"@id\":\"https:\\\/\\\/atxcatholic.com#listItem\",\"name\":\"Home\"}},{\"@type\":\"ListItem\",\"@id\":\"https:\\\/\\\/atxcatholic.com\\\/index.php\\\/category\\\/acnm\\\/en-espanol\\\/#listItem\",\"position\":3,\"name\":\"En Espa\\u00f1ol\",\"item\":\"https:\\\/\\\/atxcatholic.com\\\/index.php\\\/category\\\/acnm\\\/en-espanol\\\/\",\"nextItem\":{\"@type\":\"ListItem\",\"@id\":\"https:\\\/\\\/atxcatholic.com\\\/index.php\\\/category\\\/acnm\\\/en-espanol\\\/la-fe\\\/#listItem\",\"name\":\"La Fe\"},\"previousItem\":{\"@type\":\"ListItem\",\"@id\":\"https:\\\/\\\/atxcatholic.com\\\/index.php\\\/category\\\/acnm\\\/#listItem\",\"name\":\"ACNM\"}},{\"@type\":\"ListItem\",\"@id\":\"https:\\\/\\\/atxcatholic.com\\\/index.php\\\/category\\\/acnm\\\/en-espanol\\\/la-fe\\\/#listItem\",\"position\":4,\"name\":\"La Fe\",\"item\":\"https:\\\/\\\/atxcatholic.com\\\/index.php\\\/category\\\/acnm\\\/en-espanol\\\/la-fe\\\/\",\"nextItem\":{\"@type\":\"ListItem\",\"@id\":\"https:\\\/\\\/atxcatholic.com\\\/index.php\\\/2014\\\/03\\\/porque-ayunamos-en-cuaresma\\\/#listItem\",\"name\":\"\\u00bfPORQUE AYUNAMOS EN CUARESMA?\"},\"previousItem\":{\"@type\":\"ListItem\",\"@id\":\"https:\\\/\\\/atxcatholic.com\\\/index.php\\\/category\\\/acnm\\\/en-espanol\\\/#listItem\",\"name\":\"En Espa\\u00f1ol\"}},{\"@type\":\"ListItem\",\"@id\":\"https:\\\/\\\/atxcatholic.com\\\/index.php\\\/2014\\\/03\\\/porque-ayunamos-en-cuaresma\\\/#listItem\",\"position\":5,\"name\":\"\\u00bfPORQUE AYUNAMOS EN CUARESMA?\",\"previousItem\":{\"@type\":\"ListItem\",\"@id\":\"https:\\\/\\\/atxcatholic.com\\\/index.php\\\/category\\\/acnm\\\/en-espanol\\\/la-fe\\\/#listItem\",\"name\":\"La Fe\"}}]},{\"@type\":\"Organization\",\"@id\":\"https:\\\/\\\/atxcatholic.com\\\/#organization\",\"name\":\"ATX Catholic\",\"description\":\"A Voice in the Church in Central Texas\",\"url\":\"https:\\\/\\\/atxcatholic.com\\\/\",\"logo\":{\"@type\":\"ImageObject\",\"url\":\"http:\\\/\\\/atxcatholic.com\\\/wp-content\\\/uploads\\\/2016\\\/02\\\/ATXCatholic-Vertical.jpg\",\"@id\":\"https:\\\/\\\/atxcatholic.com\\\/index.php\\\/2014\\\/03\\\/porque-ayunamos-en-cuaresma\\\/#organizationLogo\"},\"image\":{\"@id\":\"https:\\\/\\\/atxcatholic.com\\\/index.php\\\/2014\\\/03\\\/porque-ayunamos-en-cuaresma\\\/#organizationLogo\"},\"sameAs\":[\"https:\\\/\\\/www.facebook.com\\\/atxcatholic\"]},{\"@type\":\"Person\",\"@id\":\"https:\\\/\\\/atxcatholic.com\\\/index.php\\\/author\\\/mariasalazar\\\/#author\",\"url\":\"https:\\\/\\\/atxcatholic.com\\\/index.php\\\/author\\\/mariasalazar\\\/\",\"name\":\"Maria Salazar\",\"image\":{\"@type\":\"ImageObject\",\"@id\":\"https:\\\/\\\/atxcatholic.com\\\/index.php\\\/2014\\\/03\\\/porque-ayunamos-en-cuaresma\\\/#authorImage\",\"url\":\"https:\\\/\\\/secure.gravatar.com\\\/avatar\\\/177b88dc7bb4ff30891e215282a48b26dbeca2eae1b0bf221ef1c3b4d6e79340?s=96&d=initials&r=g&initials=MS\",\"width\":96,\"height\":96,\"caption\":\"Maria Salazar\"}},{\"@type\":\"WebPage\",\"@id\":\"https:\\\/\\\/atxcatholic.com\\\/index.php\\\/2014\\\/03\\\/porque-ayunamos-en-cuaresma\\\/#webpage\",\"url\":\"https:\\\/\\\/atxcatholic.com\\\/index.php\\\/2014\\\/03\\\/porque-ayunamos-en-cuaresma\\\/\",\"name\":\"\\u00bfPORQUE AYUNAMOS EN CUARESMA? | ATX Catholic\",\"description\":\"La temporada de cuaresma est\\u00e1 cerca y llega el tiempo de abstinencia y ayuno. \\u00bfPorque hacemos estas cosas? \\u00bfPorque hay necesidad para el ayuno en nuestra vida espiritual? Hace unos d\\u00edas estaba en la fila para confesi\\u00f3n y me quede pensando en la cruz del altar. Record\\u00e9 que yo estaba ah\\u00ed esperando el sacramento de\",\"inLanguage\":\"en-US\",\"isPartOf\":{\"@id\":\"https:\\\/\\\/atxcatholic.com\\\/#website\"},\"breadcrumb\":{\"@id\":\"https:\\\/\\\/atxcatholic.com\\\/index.php\\\/2014\\\/03\\\/porque-ayunamos-en-cuaresma\\\/#breadcrumblist\"},\"author\":{\"@id\":\"https:\\\/\\\/atxcatholic.com\\\/index.php\\\/author\\\/mariasalazar\\\/#author\"},\"creator\":{\"@id\":\"https:\\\/\\\/atxcatholic.com\\\/index.php\\\/author\\\/mariasalazar\\\/#author\"},\"datePublished\":\"2014-03-01T07:48:44-06:00\",\"dateModified\":\"2014-03-01T08:10:55-06:00\"},{\"@type\":\"WebSite\",\"@id\":\"https:\\\/\\\/atxcatholic.com\\\/#website\",\"url\":\"https:\\\/\\\/atxcatholic.com\\\/\",\"name\":\"ATX Catholic\",\"description\":\"A Voice in the Church in Central Texas\",\"inLanguage\":\"en-US\",\"publisher\":{\"@id\":\"https:\\\/\\\/atxcatholic.com\\\/#organization\"}}]}\n\t\t<\/script>\n\t\t<!-- All in One SEO -->\n\n","aioseo_head_json":{"title":"\u00bfPORQUE AYUNAMOS EN CUARESMA? | ATX Catholic","description":"La temporada de cuaresma est\u00e1 cerca y llega el tiempo de abstinencia y ayuno. \u00bfPorque hacemos estas cosas? \u00bfPorque hay necesidad para el ayuno en nuestra vida espiritual? Hace unos d\u00edas estaba en la fila para confesi\u00f3n y me quede pensando en la cruz del altar. Record\u00e9 que yo estaba ah\u00ed esperando el sacramento de","canonical_url":"https:\/\/atxcatholic.com\/index.php\/2014\/03\/porque-ayunamos-en-cuaresma\/","robots":"max-image-preview:large","keywords":"amar,ayunar,ayuno,catolica,comer,comida,cruz,cuaresma,dios,exceso,iglesia,jesus,miercoles de ceniza,orar,pascua,resureccion,tentacion,en espa\u00f1ol,la fe","webmasterTools":{"miscellaneous":""},"schema":{"@context":"https:\/\/schema.org","@graph":[{"@type":"Article","@id":"https:\/\/atxcatholic.com\/index.php\/2014\/03\/porque-ayunamos-en-cuaresma\/#article","name":"\u00bfPORQUE AYUNAMOS EN CUARESMA? | ATX Catholic","headline":"\u00bfPORQUE AYUNAMOS EN CUARESMA?","author":{"@id":"https:\/\/atxcatholic.com\/index.php\/author\/mariasalazar\/#author"},"publisher":{"@id":"https:\/\/atxcatholic.com\/#organization"},"image":{"@type":"ImageObject","url":"http:\/\/www.austincnm.com\/wp-content\/uploads\/2014\/03\/tumblr_mtavhdvESW1st5lhmo1_1280-300x199.jpg","@id":"https:\/\/atxcatholic.com\/index.php\/2014\/03\/porque-ayunamos-en-cuaresma\/#articleImage"},"datePublished":"2014-03-01T07:48:44-06:00","dateModified":"2014-03-01T08:10:55-06:00","inLanguage":"en-US","mainEntityOfPage":{"@id":"https:\/\/atxcatholic.com\/index.php\/2014\/03\/porque-ayunamos-en-cuaresma\/#webpage"},"isPartOf":{"@id":"https:\/\/atxcatholic.com\/index.php\/2014\/03\/porque-ayunamos-en-cuaresma\/#webpage"},"articleSection":"En Espa\u00f1ol, La Fe, amar, Ayunar, ayuno, catolica, comer, comida, cruz, Cuaresma, Dios, exceso, Iglesia, jesus, Miercoles de Ceniza, orar, Pascua, resureccion, tentacion"},{"@type":"BreadcrumbList","@id":"https:\/\/atxcatholic.com\/index.php\/2014\/03\/porque-ayunamos-en-cuaresma\/#breadcrumblist","itemListElement":[{"@type":"ListItem","@id":"https:\/\/atxcatholic.com#listItem","position":1,"name":"Home","item":"https:\/\/atxcatholic.com","nextItem":{"@type":"ListItem","@id":"https:\/\/atxcatholic.com\/index.php\/category\/acnm\/#listItem","name":"ACNM"}},{"@type":"ListItem","@id":"https:\/\/atxcatholic.com\/index.php\/category\/acnm\/#listItem","position":2,"name":"ACNM","item":"https:\/\/atxcatholic.com\/index.php\/category\/acnm\/","nextItem":{"@type":"ListItem","@id":"https:\/\/atxcatholic.com\/index.php\/category\/acnm\/en-espanol\/#listItem","name":"En Espa\u00f1ol"},"previousItem":{"@type":"ListItem","@id":"https:\/\/atxcatholic.com#listItem","name":"Home"}},{"@type":"ListItem","@id":"https:\/\/atxcatholic.com\/index.php\/category\/acnm\/en-espanol\/#listItem","position":3,"name":"En Espa\u00f1ol","item":"https:\/\/atxcatholic.com\/index.php\/category\/acnm\/en-espanol\/","nextItem":{"@type":"ListItem","@id":"https:\/\/atxcatholic.com\/index.php\/category\/acnm\/en-espanol\/la-fe\/#listItem","name":"La Fe"},"previousItem":{"@type":"ListItem","@id":"https:\/\/atxcatholic.com\/index.php\/category\/acnm\/#listItem","name":"ACNM"}},{"@type":"ListItem","@id":"https:\/\/atxcatholic.com\/index.php\/category\/acnm\/en-espanol\/la-fe\/#listItem","position":4,"name":"La Fe","item":"https:\/\/atxcatholic.com\/index.php\/category\/acnm\/en-espanol\/la-fe\/","nextItem":{"@type":"ListItem","@id":"https:\/\/atxcatholic.com\/index.php\/2014\/03\/porque-ayunamos-en-cuaresma\/#listItem","name":"\u00bfPORQUE AYUNAMOS EN CUARESMA?"},"previousItem":{"@type":"ListItem","@id":"https:\/\/atxcatholic.com\/index.php\/category\/acnm\/en-espanol\/#listItem","name":"En Espa\u00f1ol"}},{"@type":"ListItem","@id":"https:\/\/atxcatholic.com\/index.php\/2014\/03\/porque-ayunamos-en-cuaresma\/#listItem","position":5,"name":"\u00bfPORQUE AYUNAMOS EN CUARESMA?","previousItem":{"@type":"ListItem","@id":"https:\/\/atxcatholic.com\/index.php\/category\/acnm\/en-espanol\/la-fe\/#listItem","name":"La Fe"}}]},{"@type":"Organization","@id":"https:\/\/atxcatholic.com\/#organization","name":"ATX Catholic","description":"A Voice in the Church in Central Texas","url":"https:\/\/atxcatholic.com\/","logo":{"@type":"ImageObject","url":"http:\/\/atxcatholic.com\/wp-content\/uploads\/2016\/02\/ATXCatholic-Vertical.jpg","@id":"https:\/\/atxcatholic.com\/index.php\/2014\/03\/porque-ayunamos-en-cuaresma\/#organizationLogo"},"image":{"@id":"https:\/\/atxcatholic.com\/index.php\/2014\/03\/porque-ayunamos-en-cuaresma\/#organizationLogo"},"sameAs":["https:\/\/www.facebook.com\/atxcatholic"]},{"@type":"Person","@id":"https:\/\/atxcatholic.com\/index.php\/author\/mariasalazar\/#author","url":"https:\/\/atxcatholic.com\/index.php\/author\/mariasalazar\/","name":"Maria Salazar","image":{"@type":"ImageObject","@id":"https:\/\/atxcatholic.com\/index.php\/2014\/03\/porque-ayunamos-en-cuaresma\/#authorImage","url":"https:\/\/secure.gravatar.com\/avatar\/177b88dc7bb4ff30891e215282a48b26dbeca2eae1b0bf221ef1c3b4d6e79340?s=96&d=initials&r=g&initials=MS","width":96,"height":96,"caption":"Maria Salazar"}},{"@type":"WebPage","@id":"https:\/\/atxcatholic.com\/index.php\/2014\/03\/porque-ayunamos-en-cuaresma\/#webpage","url":"https:\/\/atxcatholic.com\/index.php\/2014\/03\/porque-ayunamos-en-cuaresma\/","name":"\u00bfPORQUE AYUNAMOS EN CUARESMA? | ATX Catholic","description":"La temporada de cuaresma est\u00e1 cerca y llega el tiempo de abstinencia y ayuno. \u00bfPorque hacemos estas cosas? \u00bfPorque hay necesidad para el ayuno en nuestra vida espiritual? Hace unos d\u00edas estaba en la fila para confesi\u00f3n y me quede pensando en la cruz del altar. Record\u00e9 que yo estaba ah\u00ed esperando el sacramento de","inLanguage":"en-US","isPartOf":{"@id":"https:\/\/atxcatholic.com\/#website"},"breadcrumb":{"@id":"https:\/\/atxcatholic.com\/index.php\/2014\/03\/porque-ayunamos-en-cuaresma\/#breadcrumblist"},"author":{"@id":"https:\/\/atxcatholic.com\/index.php\/author\/mariasalazar\/#author"},"creator":{"@id":"https:\/\/atxcatholic.com\/index.php\/author\/mariasalazar\/#author"},"datePublished":"2014-03-01T07:48:44-06:00","dateModified":"2014-03-01T08:10:55-06:00"},{"@type":"WebSite","@id":"https:\/\/atxcatholic.com\/#website","url":"https:\/\/atxcatholic.com\/","name":"ATX Catholic","description":"A Voice in the Church in Central Texas","inLanguage":"en-US","publisher":{"@id":"https:\/\/atxcatholic.com\/#organization"}}]},"og:locale":"en_US","og:site_name":"ATX Catholic | A Voice in the Church in Central Texas","og:type":"article","og:title":"\u00bfPORQUE AYUNAMOS EN CUARESMA? | ATX Catholic","og:description":"La temporada de cuaresma est\u00e1 cerca y llega el tiempo de abstinencia y ayuno. \u00bfPorque hacemos estas cosas? \u00bfPorque hay necesidad para el ayuno en nuestra vida espiritual? Hace unos d\u00edas estaba en la fila para confesi\u00f3n y me quede pensando en la cruz del altar. Record\u00e9 que yo estaba ah\u00ed esperando el sacramento de","og:url":"https:\/\/atxcatholic.com\/index.php\/2014\/03\/porque-ayunamos-en-cuaresma\/","article:published_time":"2014-03-01T13:48:44+00:00","article:modified_time":"2014-03-01T14:10:55+00:00","article:publisher":"https:\/\/www.facebook.com\/atxcatholic","twitter:card":"summary","twitter:title":"\u00bfPORQUE AYUNAMOS EN CUARESMA? | ATX Catholic","twitter:description":"La temporada de cuaresma est\u00e1 cerca y llega el tiempo de abstinencia y ayuno. \u00bfPorque hacemos estas cosas? \u00bfPorque hay necesidad para el ayuno en nuestra vida espiritual? Hace unos d\u00edas estaba en la fila para confesi\u00f3n y me quede pensando en la cruz del altar. Record\u00e9 que yo estaba ah\u00ed esperando el sacramento de","twitter:image":"http:\/\/atxcatholic.com\/wp-content\/uploads\/2010\/10\/ATXCatholic-CoverImage.jpg"},"aioseo_meta_data":{"post_id":"44153","title":null,"description":null,"keywords":null,"keyphrases":null,"primary_term":null,"canonical_url":null,"og_title":null,"og_description":null,"og_object_type":"default","og_image_type":"default","og_image_url":null,"og_image_width":null,"og_image_height":null,"og_image_custom_url":null,"og_image_custom_fields":null,"og_video":null,"og_custom_url":null,"og_article_section":null,"og_article_tags":null,"twitter_use_og":false,"twitter_card":"default","twitter_image_type":"default","twitter_image_url":null,"twitter_image_custom_url":null,"twitter_image_custom_fields":null,"twitter_title":null,"twitter_description":null,"schema":{"blockGraphs":[],"customGraphs":[],"default":{"data":{"Article":[],"Course":[],"Dataset":[],"FAQPage":[],"Movie":[],"Person":[],"Product":[],"ProductReview":[],"Car":[],"Recipe":[],"Service":[],"SoftwareApplication":[],"WebPage":[]},"graphName":"","isEnabled":true},"graphs":[]},"schema_type":null,"schema_type_options":null,"pillar_content":false,"robots_default":true,"robots_noindex":false,"robots_noarchive":false,"robots_nosnippet":false,"robots_nofollow":false,"robots_noimageindex":false,"robots_noodp":false,"robots_notranslate":false,"robots_max_snippet":null,"robots_max_videopreview":null,"robots_max_imagepreview":"large","priority":null,"frequency":null,"local_seo":null,"breadcrumb_settings":null,"limit_modified_date":false,"ai":null,"created":"2021-01-21 16:38:10","updated":"2025-07-09 12:01:34","seo_analyzer_scan_date":null,"focus_keyword":null,"additional_keywords":null,"truseo_locale":null},"jetpack_publicize_connections":[],"jetpack-related-posts":[{"id":11510,"url":"https:\/\/atxcatholic.com\/index.php\/2012\/02\/se-aproxima-la-cuaresma\/","url_meta":{"origin":44153,"position":0},"title":"Se Aproxima La Cuaresma","author":"Maria Salazar","date":"February 15, 2012","format":false,"excerpt":"Tanto amo Dios al mundo que entrego su Hijo \u00danico, para que todo el que crea en \u00c9l no se pierda sino que tenga vida eterna. (Juan 3,16) Este Febrero 22,\u00a0 es Mi\u00e9rcoles de Ceniza. Es el d\u00eda en que vamos a la iglesia para que nos impongan las cenizas\u2026","rel":"","context":"In &quot;En Espa\u00f1ol&quot;","block_context":{"text":"En Espa\u00f1ol","link":"https:\/\/atxcatholic.com\/index.php\/category\/acnm\/en-espanol\/"},"img":{"alt_text":"","src":"https:\/\/i0.wp.com\/www.austincnm.com\/wp-content\/uploads\/2012\/02\/Cruz2.jpg?resize=350%2C200","width":350,"height":200},"classes":[]},{"id":36536,"url":"https:\/\/atxcatholic.com\/index.php\/2013\/02\/porque-la-cuaresma-si-ya-resucito-jesus\/","url_meta":{"origin":44153,"position":1},"title":"\u00bfDe Que Se Trata La Cuaresma?","author":"Maria Salazar","date":"February 14, 2013","format":false,"excerpt":"En la temporada de Cuaresma entramos al desierto con Nuestro Se\u00f1or y lo acompa\u00f1amos por 40 d\u00edas. \u201cEn el ciclo del a\u00f1o desarrolla todo el Misterio de Cristo.... Al conmemorar as\u00ed los misterios de la redenci\u00f3n, abre la riqueza de las virtudes y de los m\u00e9ritos de su Se\u00f1or, de\u2026","rel":"","context":"In &quot;En Espa\u00f1ol&quot;","block_context":{"text":"En Espa\u00f1ol","link":"https:\/\/atxcatholic.com\/index.php\/category\/acnm\/en-espanol\/"},"img":{"alt_text":"416px-Hole_JesusalDesierto","src":"https:\/\/i0.wp.com\/www.austincnm.com\/wp-content\/uploads\/2013\/02\/416px-Hole_JesusalDesierto.jpg?resize=350%2C200","width":350,"height":200},"classes":[]},{"id":39839,"url":"https:\/\/atxcatholic.com\/index.php\/2013\/05\/no-les-importa\/","url_meta":{"origin":44153,"position":2},"title":"No Les Importa","author":"Maria Salazar","date":"May 24, 2013","format":false,"excerpt":"El otro d\u00eda andaba mi hija cante y cante una canci\u00f3n de Michael Jackson They Don\u2019t Really Care About Us (Realmente No Se Preocupan Por Nosotros). \u00a0No voy explicar c\u00f3mo fue a dar con esta canci\u00f3n porque eso es otra historia.\u00a0 Despu\u00e9s de varios minutos le dije que esa canci\u00f3n\u2026","rel":"","context":"In &quot;En Espa\u00f1ol&quot;","block_context":{"text":"En Espa\u00f1ol","link":"https:\/\/atxcatholic.com\/index.php\/category\/acnm\/en-espanol\/"},"img":{"alt_text":"587215_hands","src":"https:\/\/i0.wp.com\/www.austincnm.com\/wp-content\/uploads\/2013\/05\/587215_hands.jpg?resize=350%2C200","width":350,"height":200},"classes":[]},{"id":308188,"url":"https:\/\/atxcatholic.com\/index.php\/2016\/10\/la-misericordia-de-dios-para-la-mujer-que-ha-abortado\/","url_meta":{"origin":44153,"position":3},"title":"La Misericordia de Dios para la mujer que ha abortado","author":"Sheila Morataya","date":"October 13, 2016","format":false,"excerpt":"\u201cLa humanidad son los ni\u00f1os. Todos los ni\u00f1os porque a todos los crea Dios desde el Amor\u201d. Sheila Morataya Una vez m\u00e1s me ha pasado. Al relatar mi historia desde la tranquilidad, y llegar a un punto que s\u00f3lo Dios sabe, todo mi interior se conmueve y las l\u00e1grimas simplemente\u2026","rel":"","context":"In &quot;En Espa\u00f1ol&quot;","block_context":{"text":"En Espa\u00f1ol","link":"https:\/\/atxcatholic.com\/index.php\/category\/acnm\/en-espanol\/"},"img":{"alt_text":"misericordiaanteelaborto","src":"https:\/\/i0.wp.com\/atxcatholic.com\/wp-content\/uploads\/2016\/10\/Misericordiaanteelaborto.jpg?resize=350%2C200","width":350,"height":200},"classes":[]},{"id":19926,"url":"https:\/\/atxcatholic.com\/index.php\/2012\/07\/en-caso-de-incendio\/","url_meta":{"origin":44153,"position":4},"title":"EN CASO DE INCENDIO","author":"Maria Salazar","date":"July 20, 2012","format":false,"excerpt":"Hay d\u00edas, semanas, o hasta meses en que nos encontramos con peque\u00f1os desaf\u00edos o problemas inesperados.\u00a0 Como hijos de Dios, gracias a la gracia que \u00c9l nos da, seguimos viviendo con fe y esperanza, a pesar de todo.\u00a0 No s\u00e9 que har\u00eda en d\u00edas dif\u00edciles sin poder ir hacia El\u2026","rel":"","context":"In &quot;En Espa\u00f1ol&quot;","block_context":{"text":"En Espa\u00f1ol","link":"https:\/\/atxcatholic.com\/index.php\/category\/acnm\/en-espanol\/"},"img":{"alt_text":"","src":"https:\/\/i0.wp.com\/www.austincnm.com\/wp-content\/uploads\/2012\/07\/450312_in_case_of_fire_2.jpg?resize=350%2C200","width":350,"height":200},"classes":[]},{"id":370284,"url":"https:\/\/atxcatholic.com\/index.php\/2017\/03\/como-quieres-vivir-esta-cuaresma\/","url_meta":{"origin":44153,"position":5},"title":"\u00bfC\u00f3mo quieres vivir esta Cuaresma?","author":"Sheila Morataya","date":"March 2, 2017","format":false,"excerpt":"Comienza la cuaresma, un a\u00f1o m\u00e1s, una llamada m\u00e1s, una oportunidad para hacer penitencia y renovarnos interiormente\u00a0 para preparar la Pascua del Se\u00f1or. A partir de esta semana, la liturgia de la Iglesia nos estar\u00e1 invitando a trav\u00e9s de las lecturas a entrar en una profunda reflexi\u00f3n sobre nuestra vida,\u2026","rel":"","context":"In &quot;En Espa\u00f1ol&quot;","block_context":{"text":"En Espa\u00f1ol","link":"https:\/\/atxcatholic.com\/index.php\/category\/acnm\/en-espanol\/"},"img":{"alt_text":"Cuaresma","src":"https:\/\/i0.wp.com\/atxcatholic.com\/wp-content\/uploads\/2017\/03\/iStock_000005342281XSmall-127x190.jpg?resize=350%2C200","width":350,"height":200},"classes":[]}],"jetpack_likes_enabled":true,"jetpack_sharing_enabled":true,"amp_enabled":true,"jetpack_featured_media_url":"","_links":{"self":[{"href":"https:\/\/atxcatholic.com\/index.php\/wp-json\/wp\/v2\/posts\/44153","targetHints":{"allow":["GET"]}}],"collection":[{"href":"https:\/\/atxcatholic.com\/index.php\/wp-json\/wp\/v2\/posts"}],"about":[{"href":"https:\/\/atxcatholic.com\/index.php\/wp-json\/wp\/v2\/types\/post"}],"author":[{"embeddable":true,"href":"https:\/\/atxcatholic.com\/index.php\/wp-json\/wp\/v2\/users\/50"}],"replies":[{"embeddable":true,"href":"https:\/\/atxcatholic.com\/index.php\/wp-json\/wp\/v2\/comments?post=44153"}],"version-history":[{"count":0,"href":"https:\/\/atxcatholic.com\/index.php\/wp-json\/wp\/v2\/posts\/44153\/revisions"}],"wp:attachment":[{"href":"https:\/\/atxcatholic.com\/index.php\/wp-json\/wp\/v2\/media?parent=44153"}],"wp:term":[{"taxonomy":"category","embeddable":true,"href":"https:\/\/atxcatholic.com\/index.php\/wp-json\/wp\/v2\/categories?post=44153"},{"taxonomy":"post_tag","embeddable":true,"href":"https:\/\/atxcatholic.com\/index.php\/wp-json\/wp\/v2\/tags?post=44153"}],"curies":[{"name":"wp","href":"https:\/\/api.w.org\/{rel}","templated":true}]}}