{"id":42510,"date":"2013-11-22T07:45:49","date_gmt":"2013-11-22T13:45:49","guid":{"rendered":"http:\/\/www.austincnm.com\/?p=42510"},"modified":"2013-11-22T07:45:52","modified_gmt":"2013-11-22T13:45:52","slug":"el-rey-del-universo","status":"publish","type":"post","link":"https:\/\/atxcatholic.com\/index.php\/2013\/11\/el-rey-del-universo\/","title":{"rendered":"El Rey Del Universo"},"content":{"rendered":"<p><a href=\"http:\/\/www.austincnm.com\/index.php\/2013\/11\/el-rey-del-universo\/barvcelona-church-822840-m\/\" rel=\"attachment wp-att-42513\"><img data-recalc-dims=\"1\" loading=\"lazy\" decoding=\"async\" class=\"alignleft size-full wp-image-42513\" alt=\"barvcelona-church-822840-m\" src=\"https:\/\/i0.wp.com\/www.austincnm.com\/wp-content\/uploads\/2013\/11\/barvcelona-church-822840-m.jpg?resize=300%2C200\" width=\"300\" height=\"200\" \/><\/a>Muchas veces nuestros hermanos cristianos que nos son Cat\u00f3licos nos preguntan qu\u00e9 porque Jes\u00fas no est\u00e1 al frente y centro de nuestra fe.\u00a0 Nos ven con La Virgen Mar\u00eda, los Santos, y nuestros rosarios y nos preguntan porque no entienden.\u00a0 Frecuentemente piensan que ni leemos la Biblia, La Palabra de Dios.\u00a0 Tal vez es por qu\u00e9 no se ve todo desde afuera.\u00a0 En muchos casos no han tenido la oportunidad de conocer lo que realmente es la fe Cat\u00f3lica.\u00a0 Lamentablemente, hay veces es por que que han visto falsa representaci\u00f3n cuando somos Cat\u00f3licos solo en nombre pero no en nuestras vidas.<\/p>\n<p>Este domingo cerramos el a\u00f1o lit\u00fargico y el a\u00f1o de la Fe con una celebraci\u00f3n muy importante en nuestra fe como cat\u00f3licos. \u00a0Es la Solemnidad de <span style=\"text-decoration: underline;\">Jesucristo Rey del Universo.<\/span>\u00a0 Es una celebraci\u00f3n que se instituy\u00f3 en 1925 por el Papa P\u00edo XI para combatir el rechazo de Cristo en el mundo.\u00a0 Fue establecido para aclamar frente al mundo que Dios es Rey del Universo y Rey de nuestros corazones. \u00a0Nuestra lealtad es a Cristo.\u00a0 Por eso honramos a su madre, la reina del cielo.\u00a0 Por eso los santos vivieron vidas incre\u00edbles.\u00a0 Por eso murieron los m\u00e1rtires.\u00a0 Por un verdadero rey.<\/p>\n<p>Con esta celebraci\u00f3n anunciamos que Jes\u00fas es el Rey de Reyes.\u00a0 De esto se trata nuestra fe.\u00a0 Todo lo que escuchamos en el Evangelio a trav\u00e9s del a\u00f1o es de su vida y su Reino.\u00a0 \u00c9l es el Creedor de mundo.\u00a0 \u00c9l es la nuestro redentor y nuestra \u00fanica salvaci\u00f3n. Por eso llevamos la cruz con nosotros y por eso la ponemos en alto.\u00a0 No es amuleto de la buena suerte.\u00a0 Es la cruz bendita donde muri\u00f3 nuestro rey.<\/p>\n<div id=\"attachment_42514\" style=\"width: 310px\" class=\"wp-caption aligncenter\"><a href=\"http:\/\/www.austincnm.com\/index.php\/2013\/11\/el-rey-del-universo\/stained-glass-crown-1354810-m\/\" rel=\"attachment wp-att-42514\"><img data-recalc-dims=\"1\" loading=\"lazy\" decoding=\"async\" aria-describedby=\"caption-attachment-42514\" class=\"size-full wp-image-42514\" alt=\"El Rey\" src=\"https:\/\/i0.wp.com\/www.austincnm.com\/wp-content\/uploads\/2013\/11\/stained-glass-crown-1354810-m.jpg?resize=300%2C200\" width=\"300\" height=\"200\" \/><\/a><p id=\"caption-attachment-42514\" class=\"wp-caption-text\">El Rey<\/p><\/div>\n<p><b>Jes\u00fas respondi\u00f3: \u201cMi realeza no es de este mundo. Si mi realeza fuera de este mundo, los que est\u00e1n a mi servicio habr\u00edan combatido para que yo no fuera entregado a los jud\u00edos. Pero mi realeza no es de aqu\u00ed.\u201d\u00a0 Pilato le dijo: \u201c\u00bfEntonces t\u00fa eres rey?\u201d Jes\u00fas respondi\u00f3: \u201cT\u00fa lo dices: yo soy rey. Para esto he nacido y he venido al mundo: para dar testimonio de la verdad. El que es de la verdad, escucha mi voz.\u201d Juan 18,36-37<\/b><\/p>\n<p>Jes\u00fas vino a ser el rey de nuestras vidas y de nuestros corazones.\u00a0 Vino a darnos el ejemplo con su propia vida.\u00a0 Vino a servir y no para ser servido. Nos ense\u00f1\u00f3 lo que es el amor.\u00a0 \u00c9l es el rey de justicia, verdad, y paz.<\/p>\n<div id=\"attachment_42512\" style=\"width: 210px\" class=\"wp-caption alignleft\"><a href=\"http:\/\/www.austincnm.com\/index.php\/2013\/11\/el-rey-del-universo\/christ-light-church-1090950-m\/\" rel=\"attachment wp-att-42512\"><img data-recalc-dims=\"1\" loading=\"lazy\" decoding=\"async\" aria-describedby=\"caption-attachment-42512\" class=\"size-full wp-image-42512\" alt=\"Nuestro Rey en la cruz\" src=\"https:\/\/i0.wp.com\/www.austincnm.com\/wp-content\/uploads\/2013\/11\/christ-light-church-1090950-m.jpg?resize=200%2C300\" width=\"200\" height=\"300\" \/><\/a><p id=\"caption-attachment-42512\" class=\"wp-caption-text\">Nuestro Rey en la cruz<\/p><\/div>\n<p><b>Se humill\u00f3 hasta aceptar por obediencia la muerte y muerte de cruz.\u00a0 Por eso, Dios lo exalt\u00f3 y le dio el Nombre que est\u00e1 sobre todo nombre, para que al nombre de Jes\u00fas, se doble toda rodilla en el cielo, en la tierra y en los abismos, y toda lengua proclame para gloria de Dios Padre: \u201cJesucristo es el Se\u00f1or.\u201d\u00a0 Carta de San Pablo a los Filipenses 2, 9-11<\/b><\/p>\n<p>Es muy importante tener una relaci\u00f3n con \u00c9l porque es lo que tenemos cuando amamos a alguien.\u00a0 Pero hay algo importante que no debemos olvidar, especialmente en el mundo ocupado y ca\u00f3tico en cual vivimos hoy.\u00a0 Debemos darle el lugar propio a nuestro Rey.\u00a0 Tenemos tiempo para muchas cosas en nuestras vidas \u2013 nuestros pasatiempos, nuestra diversi\u00f3n, tiempo para nosotros, y todo lo dem\u00e1s.\u00a0 \u00bfLe damos suficiente tiempo a \u00c9l? \u00bfO le damos m\u00e1s tiempo y honra a otros reyes \u2013 nuestros \u00eddolos de m\u00fasica y fama, el dinero, nuestro trabajo, los deportes, nuestra belleza, etc.? \u00a0\u00bfCuidamos solo de nosotros o tambi\u00e9n a los que ama el Se\u00f1or?<\/p>\n<p><b>Cuando el Hijo del Hombre venga en su gloria rodeado de todos sus \u00e1ngeles, se sentar\u00e1 en el trono de gloria, que es suyo.\u00a0 Todas las naciones ser\u00e1n llevadas a su presencia, y separar\u00e1 a unos de otros, al igual que el pastor separa las ovejas de los cabritos. Y pondr\u00e1 a aquellas a su derecha y a estos a su izquierda.\u00a0 Entonces el Rey dir\u00e1 a los que est\u00e1n a su derecha: \u201cVengan, benditos de mi Padre, y tomen posesi\u00f3n del reino que ha sido preparado para ustedes desde el principio del mundo.\u00a0 Porque tuve hambre y ustedes me dieron de comer; tuve sed y ustedes me dieron de beber. Fui forastero y ustedes me recibieron en su casa.\u00a0 Anduve sin ropas y me vistieron. Estuve enfermo y fueron a visitarme. Estuve en la c\u00e1rcel y me fueron a ver.\u201d\u00a0 \u00a0Mateo 25,32-36<\/b><\/p>\n<p>Este domingo ser\u00e1 bueno para examinar nuestras vidas y hacer nuestros mejores esfuerzos por ser fieles a Dios en todo.\u00a0 \u00c9l debe reinar en nuestros corazones, nuestras mentes, y todo nuestro ser.\u00a0 \u00a0\u00c9l debe ser el rey de nuestros hogares y todo nuestro trabajo.\u00a0 \u00a0No solo con palabras sino con todas nuestras acciones. No quiere decir que tenemos que llegar ser santos de la noche a la ma\u00f1ana.\u00a0 Toma tiempo para ir entreg\u00e1ndolo todo a \u00c9l, pero empecemos con algo.\u00a0 En este mes que recordamos a los que han muerto, no olvidemos que no tenemos el d\u00eda de ma\u00f1ana prometido.\u00a0 Ya sabemos que nuestros d\u00edas en esta vida tienen final.\u00a0 No podemos perder mucho tiempo sin hacerlo.<\/p>\n<p>En tiempos como ahora cuando el mundo dice que Cristo no es Rey cuando rechaza sus leyes y su majestad en el gobierno, las escuelas, matrimonio, y todo lo demas, no dejemos de gritar, &#8220;Viva Cristo Rey!&#8221;\u00a0 por que su reino es eterno y sobrepasara todo lo de este mundo.<\/p>\n<div id=\"attachment_42511\" style=\"width: 310px\" class=\"wp-caption alignright\"><a href=\"http:\/\/www.austincnm.com\/index.php\/2013\/11\/el-rey-del-universo\/crucifix-on-bible-1427657-m\/\" rel=\"attachment wp-att-42511\"><img data-recalc-dims=\"1\" loading=\"lazy\" decoding=\"async\" aria-describedby=\"caption-attachment-42511\" class=\"size-full wp-image-42511\" alt=\"Venga Tu Reino\" src=\"https:\/\/i0.wp.com\/www.austincnm.com\/wp-content\/uploads\/2013\/11\/crucifix-on-bible-1427657-m.jpg?resize=300%2C211\" width=\"300\" height=\"211\" \/><\/a><p id=\"caption-attachment-42511\" class=\"wp-caption-text\">Venga Tu Reino<\/p><\/div>\n","protected":false},"excerpt":{"rendered":"<p>Muchas veces nuestros hermanos cristianos que nos son Cat\u00f3licos nos preguntan qu\u00e9 porque Jes\u00fas no est\u00e1 al frente y centro de nuestra fe.\u00a0 Nos ven con La Virgen Mar\u00eda, los Santos, y nuestros rosarios y nos preguntan porque no entienden.\u00a0 Frecuentemente piensan que ni leemos la Biblia, La Palabra de Dios.\u00a0 Tal vez es por&#8230;&nbsp;<a href=\"https:\/\/atxcatholic.com\/index.php\/2013\/11\/el-rey-del-universo\/\">[Read&nbsp;More]<\/a><\/p>\n","protected":false},"author":50,"featured_media":0,"comment_status":"open","ping_status":"open","sticky":false,"template":"","format":"standard","meta":{"_genesis_hide_title":false,"_genesis_hide_breadcrumbs":false,"_genesis_hide_singular_image":false,"_genesis_hide_footer_widgets":false,"_genesis_custom_body_class":"","_genesis_custom_post_class":"","_genesis_layout":"","_jetpack_newsletter_access":"","_jetpack_dont_email_post_to_subs":false,"_jetpack_newsletter_tier_id":0,"_jetpack_memberships_contains_paywalled_content":false,"_jetpack_memberships_contains_paid_content":false,"footnotes":"","jetpack_publicize_message":"","jetpack_publicize_feature_enabled":true,"jetpack_social_post_already_shared":false,"jetpack_social_options":{"image_generator_settings":{"template":"highway","default_image_id":0,"font":"","enabled":false},"version":2},"_wpas_customize_per_network":false,"jetpack_post_was_ever_published":false},"categories":[243,245],"tags":[903,607,355,2096,2094,2092,330,714,628,2093,2090,2097,1130,2095,2091,2098],"class_list":{"0":"post-42510","1":"post","2":"type-post","3":"status-publish","4":"format-standard","6":"category-en-espanol","7":"category-la-fe","8":"tag-amor","9":"tag-cruz","10":"tag-dios","11":"tag-domingo","12":"tag-famosos","13":"tag-idolo","14":"tag-jesus","15":"tag-misa","16":"tag-musica","17":"tag-reino","18":"tag-rey","19":"tag-rosario","20":"tag-santos","21":"tag-solemnidad","22":"tag-universo","23":"tag-virgen-maria","24":"entry","25":"has-post-thumbnail"},"aioseo_notices":[],"jetpack_publicize_connections":[],"jetpack_featured_media_url":"","jetpack-related-posts":[{"id":577397,"url":"https:\/\/atxcatholic.com\/index.php\/2017\/12\/arroja-oraciones-al-cielo-esta-navidad-contra-el-aborto\/","url_meta":{"origin":42510,"position":0},"title":"Arroja oraciones al cielo esta navidad contra el aborto","author":"Sheila Morataya","date":"December 18, 2017","format":false,"excerpt":"\u00a0 \u201cNuestra sociedad est\u00e1 tan herida a causa del aborto, estoy convencido de ello\u201d.\u00a0Estas fueron las contundentes palabras de un hombre extraordinario residente en Austin, Texas donde tambi\u00e9n vive esta servidora. Es extraordinario porque es un cat\u00f3lico que se ha convertido en otro seguidor de Cristo que pasa en nuestra\u2026","rel":"","context":"In &quot;En Espa\u00f1ol&quot;","block_context":{"text":"En Espa\u00f1ol","link":"https:\/\/atxcatholic.com\/index.php\/category\/acnm\/en-espanol\/"},"img":{"alt_text":"Caravaggio1602.encuentra.com.int","src":"https:\/\/i0.wp.com\/encuentra.com\/revista\/wp-content\/uploads\/2017\/12\/Caravaggio1602.encuentra.com_.int_.png?resize=350%2C200","width":350,"height":200},"classes":[]},{"id":24563,"url":"https:\/\/atxcatholic.com\/index.php\/2012\/10\/porque-el-ano-de-la-fe-octubre-11-2012-noviembre-24-2013\/","url_meta":{"origin":42510,"position":1},"title":"\u00bfPorque El A\u00f1o De La Fe? Octubre 11, 2012  &#8211; Noviembre 24, 2013","author":"Maria Salazar","date":"October 10, 2012","format":false,"excerpt":"Todos conocemos a alguien que se ha alejado de la fe Cat\u00f3lica.\u00a0 Hasta en muchas de nuestras familias hay personas que ya no practican la fe.\u00a0 La cantidad de gente que \u201cera Cat\u00f3lica\u201d es alarmante. \u00a0\u00a0\u00a0No es alarmante porque creemos que la Iglesia se va deshacer y dejara de existir.\u2026","rel":"","context":"In &quot;En Espa\u00f1ol&quot;","block_context":{"text":"En Espa\u00f1ol","link":"https:\/\/atxcatholic.com\/index.php\/category\/acnm\/en-espanol\/"},"img":{"alt_text":"","src":"https:\/\/i0.wp.com\/www.austincnm.com\/wp-content\/uploads\/2012\/10\/anoFe-244x300.jpg?resize=350%2C200","width":350,"height":200},"classes":[]},{"id":22139,"url":"https:\/\/atxcatholic.com\/index.php\/2012\/08\/ya-iniciaron-las-clases\/","url_meta":{"origin":42510,"position":2},"title":"Ya Iniciaron las Clases","author":"Maria Salazar","date":"August 29, 2012","format":false,"excerpt":"Esta semana inici\u00f3 el a\u00f1o escolar para muchas familias.\u00a0 Para nosotros los padres, esto trae una variedad de emociones.\u00a0 Algunos alegres por que ya los ni\u00f1os van a tener algo con que se entretengan de nuevo y otros tristes por van extra\u00f1ar a sus hijos.\u00a0 Aun m\u00e1s, hay nervios y\u2026","rel":"","context":"In &quot;En Espa\u00f1ol&quot;","block_context":{"text":"En Espa\u00f1ol","link":"https:\/\/atxcatholic.com\/index.php\/category\/acnm\/en-espanol\/"},"img":{"alt_text":"","src":"https:\/\/i0.wp.com\/www.austincnm.com\/wp-content\/uploads\/2012\/08\/school-kids-243x300.jpg?resize=350%2C200","width":350,"height":200},"classes":[]},{"id":112186,"url":"https:\/\/atxcatholic.com\/index.php\/2015\/05\/el-hombre-masa-el-nuevo-media-y-la-reina-de-la-media\/","url_meta":{"origin":42510,"position":3},"title":"El Hombre-Masa, el Nuevo-Media y la Reina de la Media","author":"Rachel","date":"May 18, 2015","format":false,"excerpt":"Reci\u00e9n he estado hablando con varia gente sobre nuestro uso los med\u00edos sociales como Cat\u00f3licas. Ya todo estamos de acuerdo que la comunicaci\u00f3n ha pasado por una revoluci\u00f3n en los dos o tres decades pasados, ya no podemos volver para atr\u00e1s. \u00bfPero sab\u00e9s que ya hac\u00eda tres decades, nuestra Madre\u2026","rel":"","context":"In &quot;En Espa\u00f1ol&quot;","block_context":{"text":"En Espa\u00f1ol","link":"https:\/\/atxcatholic.com\/index.php\/category\/acnm\/en-espanol\/"},"img":{"alt_text":"(dibujita para illustrar el tema, que hice yo)","src":"https:\/\/i0.wp.com\/www.austincnm.com\/wp-content\/uploads\/2015\/04\/IMG_7559-550x309.jpg?resize=350%2C200","width":350,"height":200,"srcset":"https:\/\/i0.wp.com\/www.austincnm.com\/wp-content\/uploads\/2015\/04\/IMG_7559-550x309.jpg?resize=350%2C200 1x, https:\/\/i0.wp.com\/www.austincnm.com\/wp-content\/uploads\/2015\/04\/IMG_7559-550x309.jpg?resize=525%2C300 1.5x"},"classes":[]},{"id":8106,"url":"https:\/\/atxcatholic.com\/index.php\/2011\/12\/creen-los-catolicos-que-las-personas-que-no-son-catolicos-van-al-infierno\/","url_meta":{"origin":42510,"position":4},"title":"\u00bfCreen los Cat\u00f3licos que las personas que no son Cat\u00f3licos van al infierno?","author":"Maria Salazar","date":"December 8, 2011","format":false,"excerpt":"Hace unos meses me encontr\u00e9 en una conversaci\u00f3n en la cual ni esperaba platicar temas de fe.\u00a0 Pero en medio de la conversaci\u00f3n, ah\u00ed estaba una pregunta, frente a m\u00ed por unos segundos (que ahora parece como minutos), esperando una respuesta como si fuera una de esas preguntas que les\u2026","rel":"","context":"In &quot;En Espa\u00f1ol&quot;","block_context":{"text":"En Espa\u00f1ol","link":"https:\/\/atxcatholic.com\/index.php\/category\/acnm\/en-espanol\/"},"img":{"alt_text":"","src":"https:\/\/i0.wp.com\/www.austincnm.com\/wp-content\/uploads\/2011\/12\/devotion1_xenia-228x300.jpg?resize=350%2C200","width":350,"height":200},"classes":[]},{"id":20428,"url":"https:\/\/atxcatholic.com\/index.php\/2012\/08\/cuando-hay-tres-en-el-matrimonio\/","url_meta":{"origin":42510,"position":5},"title":"CUANDO HAY TRES EN EL MATRIMONIO","author":"Maria Salazar","date":"August 1, 2012","format":false,"excerpt":"El verano esta lleno de bodas. \u00a0Me encanta ver las fotos de los novios.\u00a0 Siempre es una ocasi\u00f3n de felicidad ver a dos seres unir sus vidas, prometiendo amarse y cuidarse para el resto de sus vidas, en la presencia de Dios.\u00a0 Es una bendici\u00f3n estar en una boda cuando\u2026","rel":"","context":"In &quot;En Espa\u00f1ol&quot;","block_context":{"text":"En Espa\u00f1ol","link":"https:\/\/atxcatholic.com\/index.php\/category\/acnm\/en-espanol\/"},"img":{"alt_text":"","src":"https:\/\/i0.wp.com\/www.austincnm.com\/wp-content\/uploads\/2012\/08\/1287427_celebrations.jpg?resize=350%2C200","width":350,"height":200},"classes":[]}],"jetpack_likes_enabled":true,"jetpack_sharing_enabled":true,"amp_enabled":true,"_links":{"self":[{"href":"https:\/\/atxcatholic.com\/index.php\/wp-json\/wp\/v2\/posts\/42510","targetHints":{"allow":["GET"]}}],"collection":[{"href":"https:\/\/atxcatholic.com\/index.php\/wp-json\/wp\/v2\/posts"}],"about":[{"href":"https:\/\/atxcatholic.com\/index.php\/wp-json\/wp\/v2\/types\/post"}],"author":[{"embeddable":true,"href":"https:\/\/atxcatholic.com\/index.php\/wp-json\/wp\/v2\/users\/50"}],"replies":[{"embeddable":true,"href":"https:\/\/atxcatholic.com\/index.php\/wp-json\/wp\/v2\/comments?post=42510"}],"version-history":[{"count":0,"href":"https:\/\/atxcatholic.com\/index.php\/wp-json\/wp\/v2\/posts\/42510\/revisions"}],"wp:attachment":[{"href":"https:\/\/atxcatholic.com\/index.php\/wp-json\/wp\/v2\/media?parent=42510"}],"wp:term":[{"taxonomy":"category","embeddable":true,"href":"https:\/\/atxcatholic.com\/index.php\/wp-json\/wp\/v2\/categories?post=42510"},{"taxonomy":"post_tag","embeddable":true,"href":"https:\/\/atxcatholic.com\/index.php\/wp-json\/wp\/v2\/tags?post=42510"}],"curies":[{"name":"wp","href":"https:\/\/api.w.org\/{rel}","templated":true}]}}