{"id":40007,"date":"2013-06-06T07:30:41","date_gmt":"2013-06-06T12:30:41","guid":{"rendered":"http:\/\/www.austincnm.com\/?p=40007"},"modified":"2013-06-06T09:01:50","modified_gmt":"2013-06-06T14:01:50","slug":"que-pasa-cuando-van-un-angel-de-la-guarda-al-gimnasio","status":"publish","type":"post","link":"https:\/\/atxcatholic.com\/index.php\/2013\/06\/que-pasa-cuando-van-un-angel-de-la-guarda-al-gimnasio\/","title":{"rendered":"\u00bfQu\u00e9 Pasa Cuando Un \u00c1ngel de la Guarda va al Gimnasio?"},"content":{"rendered":"<p><a href=\"http:\/\/www.austincnm.com\/index.php\/2013\/06\/que-pasa-cuando-van-un-angel-de-la-guarda-al-gimnasio\/1390010_exercise\/\" rel=\"attachment wp-att-40008\"><img data-recalc-dims=\"1\" loading=\"lazy\" decoding=\"async\" class=\"alignright size-full wp-image-40008\" alt=\"1390010_exercise\" src=\"https:\/\/i0.wp.com\/www.austincnm.com\/wp-content\/uploads\/2013\/06\/1390010_exercise.jpg?resize=208%2C147\" width=\"208\" height=\"147\" \/><\/a>En pl\u00e1ticas de ejercicio, una amiga me recomend\u00f3 que me inscribiera en el gimnasio \u00a0donde va ella.\u00a0 Tome un tiempo para pensarlo y por fin me anim\u00e9.\u00a0 Al mirarme hoy, no me lo creer\u00edas, pero en a\u00f1os atr\u00e1s pas\u00e9 muchas horas en un gimnasio perdiendo kilos, sacando el estr\u00e9s, y corriendo detr\u00e1s la imagen f\u00edsica ideal.<\/p>\n<p>\u00bfQu\u00e9 me detiene ahora?\u00a0 Pasa que no me propongo lo suficiente y hay tanto que hacer, que no parece haber tiempo en el d\u00eda para ser esposa, mama, rezar, dormir, etc. \u00a1Y hacer ejercicio! Adem\u00e1s, no me tengo confianza a m\u00ed misma. \u00a0Como cualquier otra persona, tengo la tentaci\u00f3n de empezar a enfocarme en mis propias fuerzas y habilidades.\u00a0 Me ha costado mucho orgullo empezar a ser menos ego\u00edsta y ser m\u00e1s servicial.\u00a0 Ahora que estoy aprendiendo a confiar en Dios y no en mi misma, no quiero regresar a mi forma de vivir anterior.<\/p>\n<p>Mi nueva vida en Cristo ha sido lo mejor que he conocido en mi vida.\u00a0 Mi coraz\u00f3n late de una forma que nunca ha latido.\u00a0 Temo menos y mi siento m\u00e1s libre. \u00a0\u00a0\u00c9l me ha ense\u00f1ado caminos nuevos y me ha dado una esperanza sin fin.\u00a0 No digo que mi vida es perfecta, a lo contrario, ha habido momentos hasta m\u00e1s dif\u00edciles que antes, pero no quiero regresar a una vida donde Cristo no es el centro de mi vida.\u00a0 Sin \u00c9l no soy nada pero con \u00c9l lo puedo hacer todo.<\/p>\n<blockquote>\n<h2><b>Yo soy la vid y ustedes las ramas.\u00a0 Si alguien permanece en m\u00ed, y yo en \u00e9l, produce mucho fruto, pero sin m\u00ed no pueden hacer nada. San Juan 15:5<\/b><\/h2>\n<h2><b>Todo lo puede en aquel que me fortalece. Carta a los Filipenses 4:13<\/b><\/h2>\n<\/blockquote>\n<p><b><a href=\"http:\/\/www.austincnm.com\/index.php\/2013\/06\/que-pasa-cuando-van-un-angel-de-la-guarda-al-gimnasio\/1382970_talking_guys\/\" rel=\"attachment wp-att-40011\"><img data-recalc-dims=\"1\" loading=\"lazy\" decoding=\"async\" alt=\"1382970_talking_guys\" src=\"https:\/\/i0.wp.com\/www.austincnm.com\/wp-content\/uploads\/2013\/06\/1382970_talking_guys.jpg?resize=194%2C133\" width=\"194\" height=\"133\" \/><\/a><\/b>Ah s\u00ed. .\u00a0 .regresando a lo del gimnasio.\u00a0 Te aseguro que no estoy evitando el tema.<\/p>\n<p><a href=\"http:\/\/www.austincnm.com\/index.php\/2013\/06\/que-pasa-cuando-van-un-angel-de-la-guarda-al-gimnasio\/1020300_accident\/\" rel=\"attachment wp-att-40010\"><img data-recalc-dims=\"1\" loading=\"lazy\" decoding=\"async\" class=\"alignright size-full wp-image-40010\" alt=\"1020300_accident\" src=\"https:\/\/i0.wp.com\/www.austincnm.com\/wp-content\/uploads\/2013\/06\/1020300_accident.jpg?resize=53%2C100\" width=\"53\" height=\"100\" \/><\/a>Pues fui el primer d\u00eda y pens\u00e9, \u201cSi hay un lugar donde necesito la ayuda de mi \u00e1ngel de la guarda, es aqu\u00ed.\u00a0 Por favor reza por me \u00c1ngel de mi Guarda.\u201d\u00a0 Como ya ten\u00eda tiempo sin hacer ejercicio intenso, ya me imaginaba desmay\u00e1ndome, rompi\u00e9ndome una a rodilla, o algo similar.\u201d\u00a0 Entr\u00e9 a mi primera clase y segu\u00ed implor\u00e1ndole a cada brinco y respiro. \u201cNo me desampares amigo! No me desampares.\u201d\u00a0 Sal\u00ed un poco adolorida pero no me paso nada.<\/p>\n<p><b>De aqu\u00ed que toda vida de la Iglesia se beneficie de la ayuda misteriosa y poderosa de los \u00e1ngeles. (<b>Catecismo de la Iglesia Cat\u00f3lica <\/b>334)<\/b><\/p>\n<p><b>Desde la infancia a la muerte, la vida humana est\u00e1 rodeada de su custodia y de su intercesi\u00f3n.\u00a0 Nadia podr\u00e1 negar que cada fiel tiene a su lado un \u00e1ngel como protector y pastor para conducir su vida.\u00a0 Desde esta tierra, la vida cristiana participa, por la fe, en la sociedad bienaventurada de los \u00e1ngeles y de los hombres, unidos en Dios. (<b>Catecismo de la Iglesia Cat\u00f3lica <\/b>336)<\/b><\/p>\n<p>D\u00eda n\u00famero 2 \u2013 clase de ciclismo.\u00a0 Ten\u00eda unos cinco a\u00f1os sin tomar esa clase. \u201c\u00c1ngel de mi Guarda, reza por m\u00ed.\u201d\u00a0 Tome la clase a un ritmo poco despacio pero sal\u00ed sin desmayarme.<\/p>\n<p>Para la siguiente semana, empez\u00f3 a suceder algo.\u00a0 Empec\u00e9 a rezar y reflejar mientras hac\u00eda ejercicio.\u00a0 \u00bfC\u00f3mo?\u00a0 \u00bfPuedo rezar y hacer ejercicio a la misma vez?<\/p>\n<p><a href=\"http:\/\/www.austincnm.com\/index.php\/2013\/06\/que-pasa-cuando-van-un-angel-de-la-guarda-al-gimnasio\/surprised\/\" rel=\"attachment wp-att-40009\"><img data-recalc-dims=\"1\" loading=\"lazy\" decoding=\"async\" class=\"aligncenter size-full wp-image-40009\" alt=\"surprised\" src=\"https:\/\/i0.wp.com\/www.austincnm.com\/wp-content\/uploads\/2013\/06\/surprised.jpg?resize=233%2C155\" width=\"233\" height=\"155\" \/><\/a><\/p>\n<p>Este s\u00e1bado pasado, empec\u00e9 a desviarme un poco con pensamientos enfocados en mi misma. \u201cYo puedo hacer esto.\u201d\u00a0 \u201cYo, yo, yo\u201d.\u00a0 O no . . .\u201d\u00c1ngel de Mi Guarda \u00e9chame la mano por favor.\u201d\u00a0 Despu\u00e9s de pedirle ayuda, me sent\u00ed tranquila, en paz, y con mucha energ\u00eda.\u00a0 Empec\u00e9 a rezar y luego empec\u00e9 a decir.\u00a0 \u201cJes\u00fas en ti Confi\u00f3.\u201d\u00a0 \u201cJes\u00fas en ti confi\u00f3.\u201d\u00a0 Inmediatamente sent\u00ed la brisa de los abanicos.\u00a0 Sigue rezando.<\/p>\n<p>Cuando tengo miedo. \u201cJes\u00fas en Ti confi\u00f3.\u201d<\/p>\n<p>Para las preocupaciones de mi familia.\u00a0 \u201cJes\u00fas en Ti confi\u00f3.\u201d<\/p>\n<p>Para hacer tu voluntad.\u00a0 \u201cJes\u00fas en Ti confi\u00f3.\u201d<\/p>\n<p>Cuando me siento con mucho trabajo.\u00a0 \u201cJes\u00fas en Ti confi\u00f3.\u201d<\/p>\n<p>Cuando las cosas salen mal.\u00a0 \u201cJes\u00fas en Ti confi\u00f3.\u201d<\/p>\n<p>Cuando no entiendo por qu\u00e9 pasan las cosas.\u00a0 \u201cJes\u00fas en Ti confi\u00f3.\u201d<\/p>\n<p>Cuando necesito valor para cambiar.\u00a0 \u201cJes\u00fas en Ti confi\u00f3.\u201d<\/p>\n<p>Hasta cerr\u00e9 los ojos y me sent\u00ed volar en la bicicleta.\u00a0 Fue unas de los ejercicios mejores que he disfrutado.\u00a0 Conclusi\u00f3n \u2013 nuestro \u00c1ngel de la Guarda es un muy buen compa\u00f1ero de ejercicio.<\/p>\n<p>Reconozco que extra\u00f1aba el sudor y la energ\u00eda del ejercicio, pero necesito recordar que si lo hago por vanidad voy a salir con las manos vac\u00edas.\u00a0 Necesito ser m\u00e1s fuerte f\u00edsicamente porque en la vida hay batallas.\u00a0 Hay batallas en contra de nuestras almas.\u00a0 Muchas cosas nos van tropezando en el camino a la vida eterna \u2013 glotoner\u00eda, pereza, miedo, adicciones que nos da\u00f1an f\u00edsicamente y espiritualmente, y la lista continua.\u00a0 Ser gordito no malo, pero lo que s\u00ed nos afecta el alma, es como llegamos a ese estado.\u00a0 Dios nos dio un cuerpo fuerte y sano para hacer muchas cosas.\u00a0 Cuando estamos fuertes f\u00edsicamente, podemos estar m\u00e1s preparados para cumplir con su voluntad.<\/p>\n<p>Somos<b> <span style=\"text-decoration: underline;\">cuerpo<\/span><\/b> y <b><span style=\"text-decoration: underline;\">alma<\/span><\/b>.\u00a0 Las dos cosas a la vez.\u00a0 Estas dos partes son inseparables hasta la muerte, cuando el cuerpo muere y se separa del alma. Pero no se me pongan tristes, porque recuerden que creemos en la resurrecci\u00f3n. \u00a0(No en la de zombis, eh!)\u00a0 pero en lo que repetimos en cada misa cuando profesamos nuestra fe.<\/p>\n<p><strong>\u201cEspero la resurrecci\u00f3n de los muertos y la vida del mundo futuro.\u201d (Profesi\u00f3n de Fe)<\/strong><\/p>\n<p>Pienso que en la vida eterna no tendremos que preocuparnos por mantener el cuerpo pero mientras sigamos caminando en esta vida, s\u00ed es importante cuidar lo que nos ha dado Dios.\u00a0 Entre m\u00e1s fuertes, m\u00e1s energ\u00eda tenemos para trabajar en la vi\u00f1a del Se\u00f1or.<\/p>\n<p>Seguir\u00e9 rezando y pidi\u00e9ndole oraciones a mi \u00c1ngel de la Guarda para seguir adelante con este prop\u00f3sito.\u00a0 Y tambi\u00e9n que con cada respiro, no me olvide que Dios es quien me sostiene y me da la bendici\u00f3n de seguir caminando.<\/p>\n<blockquote>\n<h2>Dejemos, pues, toda carga in\u00fatil y en especial las amarras del pecado, para correr con perseverancia en la prueba que nos espera. Carta a los Hebreos 12:1<\/h2>\n<\/blockquote>\n","protected":false},"excerpt":{"rendered":"<p>En pl\u00e1ticas de ejercicio, una amiga me recomend\u00f3 que me inscribiera en el gimnasio \u00a0donde va ella.\u00a0 Tome un tiempo para pensarlo y por fin me anim\u00e9.\u00a0 Al mirarme hoy, no me lo creer\u00edas, pero en a\u00f1os atr\u00e1s pas\u00e9 muchas horas en un gimnasio perdiendo kilos, sacando el estr\u00e9s, y corriendo detr\u00e1s la imagen f\u00edsica&#8230;&nbsp;<a href=\"https:\/\/atxcatholic.com\/index.php\/2013\/06\/que-pasa-cuando-van-un-angel-de-la-guarda-al-gimnasio\/\">[Read&nbsp;More]<\/a><\/p>\n","protected":false},"author":50,"featured_media":0,"comment_status":"open","ping_status":"open","sticky":false,"template":"","format":"standard","meta":{"_genesis_hide_title":false,"_genesis_hide_breadcrumbs":false,"_genesis_hide_singular_image":false,"_genesis_hide_footer_widgets":false,"_genesis_custom_body_class":"","_genesis_custom_post_class":"","_genesis_layout":"","_jetpack_newsletter_access":"","_jetpack_dont_email_post_to_subs":false,"_jetpack_newsletter_tier_id":0,"_jetpack_memberships_contains_paywalled_content":false,"_jetpack_memberships_contains_paid_content":false,"footnotes":"","jetpack_publicize_message":"","jetpack_publicize_feature_enabled":true,"jetpack_social_post_already_shared":false,"jetpack_social_options":{"image_generator_settings":{"template":"highway","default_image_id":0,"font":"","enabled":false},"version":2},"_wpas_customize_per_network":false,"jetpack_post_was_ever_published":false},"categories":[243,245],"tags":[1736,1735,1734,1737,330],"class_list":{"0":"post-40007","1":"post","2":"type-post","3":"status-publish","4":"format-standard","6":"category-en-espanol","7":"category-la-fe","8":"tag-angel","9":"tag-ejercicio","10":"tag-gimnasio","11":"tag-guarda","12":"tag-jesus","13":"entry","14":"has-post-thumbnail"},"aioseo_notices":[],"jetpack_publicize_connections":[],"jetpack_featured_media_url":"","jetpack-related-posts":[{"id":556361,"url":"https:\/\/atxcatholic.com\/index.php\/2017\/12\/tiempo-para-el-silencio\/","url_meta":{"origin":40007,"position":0},"title":"Tiempo para el silencio","author":"Sheila Morataya","date":"December 4, 2017","format":false,"excerpt":"\u00a0 Ha sido un a\u00f1o intenso.\u00a0Muchos de los que me leen dir\u00e1n: \u201cHa sido el a\u00f1o m\u00e1s terrible de mi vida\u201d. Otros pensaran: \u201c\u00a1Ha sido el mejor a\u00f1o para m\u00ed!\u201d Y no faltar\u00e1 alguna persona que diga: \u201cNo pas\u00f3 nada para m\u00ed, es como que si mi vida no avanzara\u2026","rel":"","context":"In &quot;Blog&quot;","block_context":{"text":"Blog","link":"https:\/\/atxcatholic.com\/index.php\/category\/acnm\/blog\/"},"img":{"alt_text":"","src":"https:\/\/i0.wp.com\/atxcatholic.com\/wp-content\/uploads\/2017\/12\/por-quc3a9-el-silencio-es-tan-importante-para-nuestro-cerebro-297x190.jpg?resize=350%2C200","width":350,"height":200},"classes":[]},{"id":39390,"url":"https:\/\/atxcatholic.com\/index.php\/2013\/04\/nos-olvidamos-de-dios-cuando-salimos-de-viaje\/","url_meta":{"origin":40007,"position":1},"title":"\u00bfNos  Olvidamos de Dios Cuando Salimos de Viaje?","author":"Maria Salazar","date":"April 25, 2013","format":false,"excerpt":"Maleta lista.\u00a0 Boletos listos.\u00a0 Y la rutina \u2013 la dejamos en casa.\u00a0 As\u00ed es como pasa por lo regular.\u00a0 Inclusive tal vez ni nos cruza por la menta ir a misa el domingo que andamos lejos de casa.\u00a0 Con tantos detalles o por andar en lugares fuera de lo normal,\u2026","rel":"","context":"In &quot;En Espa\u00f1ol&quot;","block_context":{"text":"En Espa\u00f1ol","link":"https:\/\/atxcatholic.com\/index.php\/category\/acnm\/en-espanol\/"},"img":{"alt_text":"road","src":"https:\/\/i0.wp.com\/www.austincnm.com\/wp-content\/uploads\/2013\/04\/road.jpg?resize=350%2C200","width":350,"height":200},"classes":[]},{"id":22139,"url":"https:\/\/atxcatholic.com\/index.php\/2012\/08\/ya-iniciaron-las-clases\/","url_meta":{"origin":40007,"position":2},"title":"Ya Iniciaron las Clases","author":"Maria Salazar","date":"August 29, 2012","format":false,"excerpt":"Esta semana inici\u00f3 el a\u00f1o escolar para muchas familias.\u00a0 Para nosotros los padres, esto trae una variedad de emociones.\u00a0 Algunos alegres por que ya los ni\u00f1os van a tener algo con que se entretengan de nuevo y otros tristes por van extra\u00f1ar a sus hijos.\u00a0 Aun m\u00e1s, hay nervios y\u2026","rel":"","context":"In &quot;En Espa\u00f1ol&quot;","block_context":{"text":"En Espa\u00f1ol","link":"https:\/\/atxcatholic.com\/index.php\/category\/acnm\/en-espanol\/"},"img":{"alt_text":"","src":"https:\/\/i0.wp.com\/www.austincnm.com\/wp-content\/uploads\/2012\/08\/school-kids-243x300.jpg?resize=350%2C200","width":350,"height":200},"classes":[]},{"id":577397,"url":"https:\/\/atxcatholic.com\/index.php\/2017\/12\/arroja-oraciones-al-cielo-esta-navidad-contra-el-aborto\/","url_meta":{"origin":40007,"position":3},"title":"Arroja oraciones al cielo esta navidad contra el aborto","author":"Sheila Morataya","date":"December 18, 2017","format":false,"excerpt":"\u00a0 \u201cNuestra sociedad est\u00e1 tan herida a causa del aborto, estoy convencido de ello\u201d.\u00a0Estas fueron las contundentes palabras de un hombre extraordinario residente en Austin, Texas donde tambi\u00e9n vive esta servidora. Es extraordinario porque es un cat\u00f3lico que se ha convertido en otro seguidor de Cristo que pasa en nuestra\u2026","rel":"","context":"In &quot;En Espa\u00f1ol&quot;","block_context":{"text":"En Espa\u00f1ol","link":"https:\/\/atxcatholic.com\/index.php\/category\/acnm\/en-espanol\/"},"img":{"alt_text":"Caravaggio1602.encuentra.com.int","src":"https:\/\/i0.wp.com\/encuentra.com\/revista\/wp-content\/uploads\/2017\/12\/Caravaggio1602.encuentra.com_.int_.png?resize=350%2C200","width":350,"height":200},"classes":[]},{"id":6465,"url":"https:\/\/atxcatholic.com\/index.php\/2011\/10\/que-bonito-cuerpo\/","url_meta":{"origin":40007,"position":4},"title":"Que Bonito Cuerpo","author":"Maria Salazar","date":"October 26, 2011","format":false,"excerpt":"Solo hay que prender la televisi\u00f3n o ver las portadas de revistas en la fila de la tienda para poder ver cuerpos bonitos. Literalmente ver casi cuerpos enteros. Lo que hasta hace poco me daba un poco de coraje al ver, no solo porque tengo una hija peque\u00f1a que puede\u2026","rel":"","context":"In &quot;En Espa\u00f1ol&quot;","block_context":{"text":"En Espa\u00f1ol","link":"https:\/\/atxcatholic.com\/index.php\/category\/acnm\/en-espanol\/"},"img":{"alt_text":"","src":"https:\/\/i0.wp.com\/www.austincnm.com\/wp-content\/uploads\/2011\/10\/400px-John_Paul_II_Medal_of_Freedom_2004-200x300.jpg?resize=350%2C200","width":350,"height":200},"classes":[]},{"id":17545,"url":"https:\/\/atxcatholic.com\/index.php\/2012\/06\/sin-hogar\/","url_meta":{"origin":40007,"position":5},"title":"Sin Hogar","author":"Maria Salazar","date":"June 6, 2012","format":false,"excerpt":"Hace unos meses fuimos a cenar despu\u00e9s de un evento en la iglesia. \u00a0En camino a casa nos paramos para poner gasolina.\u00a0 Era una gasolinera donde a veces se ven unas personas que viven en las calles, ah\u00ed cerca de la carretera.\u00a0 Mientras mi esposo se encargaba de la gasolina,\u2026","rel":"","context":"In &quot;En Espa\u00f1ol&quot;","block_context":{"text":"En Espa\u00f1ol","link":"https:\/\/atxcatholic.com\/index.php\/category\/acnm\/en-espanol\/"},"img":{"alt_text":"","src":"https:\/\/i0.wp.com\/www.austincnm.com\/wp-content\/uploads\/2012\/06\/MLF3-300x225.jpg?resize=350%2C200","width":350,"height":200},"classes":[]}],"jetpack_likes_enabled":true,"jetpack_sharing_enabled":true,"amp_enabled":true,"_links":{"self":[{"href":"https:\/\/atxcatholic.com\/index.php\/wp-json\/wp\/v2\/posts\/40007","targetHints":{"allow":["GET"]}}],"collection":[{"href":"https:\/\/atxcatholic.com\/index.php\/wp-json\/wp\/v2\/posts"}],"about":[{"href":"https:\/\/atxcatholic.com\/index.php\/wp-json\/wp\/v2\/types\/post"}],"author":[{"embeddable":true,"href":"https:\/\/atxcatholic.com\/index.php\/wp-json\/wp\/v2\/users\/50"}],"replies":[{"embeddable":true,"href":"https:\/\/atxcatholic.com\/index.php\/wp-json\/wp\/v2\/comments?post=40007"}],"version-history":[{"count":0,"href":"https:\/\/atxcatholic.com\/index.php\/wp-json\/wp\/v2\/posts\/40007\/revisions"}],"wp:attachment":[{"href":"https:\/\/atxcatholic.com\/index.php\/wp-json\/wp\/v2\/media?parent=40007"}],"wp:term":[{"taxonomy":"category","embeddable":true,"href":"https:\/\/atxcatholic.com\/index.php\/wp-json\/wp\/v2\/categories?post=40007"},{"taxonomy":"post_tag","embeddable":true,"href":"https:\/\/atxcatholic.com\/index.php\/wp-json\/wp\/v2\/tags?post=40007"}],"curies":[{"name":"wp","href":"https:\/\/api.w.org\/{rel}","templated":true}]}}