{"id":38929,"date":"2013-03-28T07:00:07","date_gmt":"2013-03-28T12:00:07","guid":{"rendered":"http:\/\/www.austincnm.com\/?p=38929"},"modified":"2013-03-27T23:05:11","modified_gmt":"2013-03-28T04:05:11","slug":"jueves-santo","status":"publish","type":"post","link":"https:\/\/atxcatholic.com\/index.php\/2013\/03\/jueves-santo\/","title":{"rendered":"Jueves Santo"},"content":{"rendered":"<p><a href=\"http:\/\/www.austincnm.com\/?attachment_id=38930\" rel=\"attachment wp-att-38930\"><img data-recalc-dims=\"1\" loading=\"lazy\" decoding=\"async\" alt=\"candles\" src=\"https:\/\/i0.wp.com\/www.austincnm.com\/wp-content\/uploads\/2013\/03\/candles-630x418.jpg?resize=356%2C237\" width=\"356\" height=\"237\" \/><\/a><\/p>\n<p>Hoy deseo que encuentres un lugarcito en tu coraz\u00f3n y tu mente para que recuerdes los eventos de hace m\u00e1s de dos mil a\u00f1os.\u00a0 Un hombre llamado Jes\u00fas de Nazaret, se prepar\u00f3 para dejar a sus amigos, para entregarse a sus enemigos, para sufrir, y salvar a la humanidad en la cruz.<\/p>\n<p>Les dio dos sacramentos para continuaran lo que les encarg\u00f3\u00a0 &#8211; el sacerdocio y la comuni\u00f3n.\u00a0 Les encargo que se amaran siempre.\u00a0 Comparti\u00f3 la cena con ellos, les lav\u00f3 los pies, y les dijo que ya se iba y no podr\u00edan ir a donde \u00c9l iba.\u00a0 Me imagino que los disc\u00edpulos sintieron todas las emociones esa noche &#8211; paz, confusi\u00f3n, amor, temor, tristeza, e incertidumbre.<\/p>\n<p>Hoy por la tarde, ve a misa.\u00a0 Ponte en el lugar de ellos y escucha Sus palabras.\u00a0 Deja que te\u00a0te ense\u00f1e a lavarles los pies a nuestros hermanos.\u00a0 Tambi\u00e9n reza por nuestros sacerdotes que hoy renuevan sus promesas.\u00a0 Son los pastores que siempre cuidan de nosotros y nos dan los sacramentos que Jes\u00fas puso en sus mano en esa \u00faltima cena.<\/p>\n<p>Tambi\u00e9n toma unos momentos para entrar al jard\u00edn de Getseman\u00ed. Ah\u00ed, donde empez\u00f3 su pasi\u00f3n, a pesar de su dolor, se entreg\u00f3 a la Voluntad del Padre &#8211; \u00a0Todo por amor a cada uno de nosotros.<\/p>\n<p><iframe loading=\"lazy\" src=\"http:\/\/www.youtube.com\/embed\/Di5GMHxEco8?rel=0\" height=\"360\" width=\"480\" allowfullscreen=\"\" frameborder=\"0\"><\/iframe><\/p>\n","protected":false},"excerpt":{"rendered":"<p>Hoy deseo que encuentres un lugarcito en tu coraz\u00f3n y tu mente para que recuerdes los eventos de hace m\u00e1s de dos mil a\u00f1os.\u00a0 Un hombre llamado Jes\u00fas de Nazaret, se prepar\u00f3 para dejar a sus amigos, para entregarse a sus enemigos, para sufrir, y salvar a la humanidad en la cruz. Les dio dos&#8230;&nbsp;<a href=\"https:\/\/atxcatholic.com\/index.php\/2013\/03\/jueves-santo\/\">[Read&nbsp;More]<\/a><\/p>\n","protected":false},"author":50,"featured_media":0,"comment_status":"open","ping_status":"open","sticky":false,"template":"","format":"standard","meta":{"_genesis_hide_title":false,"_genesis_hide_breadcrumbs":false,"_genesis_hide_singular_image":false,"_genesis_hide_footer_widgets":false,"_genesis_custom_body_class":"","_genesis_custom_post_class":"","_genesis_layout":"","_jetpack_newsletter_access":"","_jetpack_dont_email_post_to_subs":false,"_jetpack_newsletter_tier_id":0,"_jetpack_memberships_contains_paywalled_content":false,"_jetpack_memberships_contains_paid_content":false,"footnotes":"","jetpack_publicize_message":"","jetpack_publicize_feature_enabled":true,"jetpack_social_post_already_shared":false,"jetpack_social_options":{"image_generator_settings":{"template":"highway","default_image_id":0,"font":"","enabled":false},"version":2},"_wpas_customize_per_network":false,"jetpack_post_was_ever_published":false},"categories":[243,245],"tags":[724,330,1579,714,731,1580,1578],"class_list":{"0":"post-38929","1":"post","2":"type-post","3":"status-publish","4":"format-standard","6":"category-en-espanol","7":"category-la-fe","8":"tag-comunion","9":"tag-jesus","10":"tag-jueves","11":"tag-misa","12":"tag-padres","13":"tag-sacerdotes","14":"tag-semana-santa","15":"entry","16":"has-post-thumbnail"},"aioseo_notices":[],"jetpack_publicize_connections":[],"jetpack_featured_media_url":"","jetpack-related-posts":[{"id":15518,"url":"https:\/\/atxcatholic.com\/index.php\/2012\/04\/primera-comunion\/","url_meta":{"origin":38929,"position":0},"title":"Primera Comuni\u00f3n","author":"Maria Salazar","date":"April 25, 2012","format":false,"excerpt":"Este Mayo, nuestra \u00fanica hija har\u00e1 su Primera Comuni\u00f3n.\u00a0 Creo estamos igual de emocionados los tres \u2013 mi esposo, mi hija, y yo. \u00a0\u00a0En otra ocasi\u00f3n les platico acerca de esta familia chica y nuestras esperanzas de tener m\u00e1s hijos.\u00a0 Sera por que somos tan peque\u00f1a familia, que nos encanta\u2026","rel":"","context":"In &quot;En Espa\u00f1ol&quot;","block_context":{"text":"En Espa\u00f1ol","link":"https:\/\/atxcatholic.com\/index.php\/category\/acnm\/en-espanol\/"},"img":{"alt_text":"","src":"https:\/\/i0.wp.com\/www.austincnm.com\/wp-content\/uploads\/2012\/04\/sacramentals-200x300.jpg?resize=350%2C200","width":350,"height":200},"classes":[]},{"id":48925,"url":"https:\/\/atxcatholic.com\/index.php\/2014\/06\/jesus-sabiendo-lo-que-sus-discipulos-murmuraban-les-dijo-esto-los-escandaliza-juan-661\/","url_meta":{"origin":38929,"position":1},"title":"Jes\u00fas, sabiendo lo que sus disc\u00edpulos murmuraban, les dijo \u201c\u00bfEsto los escandaliza?\u201d Juan 6:61","author":"Maria Salazar","date":"June 21, 2014","format":false,"excerpt":"Las palabras de Cristo fueron escandalizant\u00e9s. Estaba proclamando que tendr\u00edamos que comer de su carne y beber de su sangre para tener vida eterna.\u00a0 Que El era el pan que habia bajado del cielo.\u00a0 \u00bfQui\u00e9n lo podr\u00eda creer? \u201cSi los \u00e1ngeles pudieran estar celosos de los hombres, seria por solo\u2026","rel":"","context":"In &quot;En Espa\u00f1ol&quot;","block_context":{"text":"En Espa\u00f1ol","link":"https:\/\/atxcatholic.com\/index.php\/category\/acnm\/en-espanol\/"},"img":{"alt_text":"Jesus","src":"https:\/\/i0.wp.com\/www.austincnm.com\/wp-content\/uploads\/2014\/06\/Jesus-142x190.jpg?resize=350%2C200","width":350,"height":200},"classes":[]},{"id":45485,"url":"https:\/\/atxcatholic.com\/index.php\/2014\/04\/semana-santa-con-jesucristo\/","url_meta":{"origin":38929,"position":2},"title":"Semana Santa con Jesucristo","author":"Maria Salazar","date":"April 12, 2014","format":false,"excerpt":"Les quiero desear una bendita Semana Santa.\u00a0 Es una semana significante en nuestras vidas como cristianos porque es la conmemoraci\u00f3n de nuestra salvaci\u00f3n. Proclamamos su muerte y resurrecci\u00f3n por el mundo entero porque sabemos lo que sucedi\u00f3 en la cruz y en la tumba al tercer d\u00eda. Observa los eventos\u2026","rel":"","context":"In &quot;En Espa\u00f1ol&quot;","block_context":{"text":"En Espa\u00f1ol","link":"https:\/\/atxcatholic.com\/index.php\/category\/acnm\/en-espanol\/"},"img":{"alt_text":"Jesus","src":"https:\/\/i0.wp.com\/www.austincnm.com\/wp-content\/uploads\/2014\/04\/Jesus-by-Argya-Diptya-300x225.jpg?resize=350%2C200","width":350,"height":200},"classes":[]},{"id":25579,"url":"https:\/\/atxcatholic.com\/index.php\/2012\/10\/los-santos\/","url_meta":{"origin":38929,"position":3},"title":"Los Santos","author":"Maria Salazar","date":"October 26, 2012","format":false,"excerpt":"Cuando era ni\u00f1a, los d\u00edas de misa de obligaci\u00f3n me daban flojera.\u00a0 Alomejor era la palabra \u201cobligaci\u00f3n\u201d que me hacia tomar un paso de reversa y pensar, \u201c\u00bfDe verdad, tenemos que ir?\u201d Siempre tenia la esperanza que alomejor a mis papas se les iba olvidar\u00a0 y no tendr\u00edamos que ir.\u00a0\u2026","rel":"","context":"In &quot;En Espa\u00f1ol&quot;","block_context":{"text":"En Espa\u00f1ol","link":"https:\/\/atxcatholic.com\/index.php\/category\/acnm\/en-espanol\/"},"img":{"alt_text":"","src":"https:\/\/i0.wp.com\/www.austincnm.com\/wp-content\/uploads\/2012\/10\/saints-2-300x300.jpg?resize=350%2C200","width":350,"height":200},"classes":[]},{"id":40689,"url":"https:\/\/atxcatholic.com\/index.php\/2013\/07\/inquietud\/","url_meta":{"origin":38929,"position":4},"title":"Inquietud","author":"Maria Salazar","date":"July 17, 2013","format":false,"excerpt":"Hay etapas en nuestras vidas cuando sentimos una persistente inquietud.\u00a0 En veces sentimos esa inquietud por a\u00f1os.\u00a0 En algunos casos ni reconocemos este sentimiento interno que nos lanza a correr tras las cosas que pensamos que nos van a llenar y \u00a0que nos dar\u00e1n toda la felicidad que anhelamos. \u00a0\u2026","rel":"","context":"In &quot;En Espa\u00f1ol&quot;","block_context":{"text":"En Espa\u00f1ol","link":"https:\/\/atxcatholic.com\/index.php\/category\/acnm\/en-espanol\/"},"img":{"alt_text":"moving waves","src":"https:\/\/i0.wp.com\/www.austincnm.com\/wp-content\/uploads\/2013\/07\/moving-waves.jpg?resize=350%2C200","width":350,"height":200},"classes":[]},{"id":23815,"url":"https:\/\/atxcatholic.com\/index.php\/2012\/09\/no-vas-escuchar-de-esta-historia-en-las-noticias\/","url_meta":{"origin":38929,"position":5},"title":"No Vas Escuchar De Esta Historia En Las Noticias","author":"Maria Salazar","date":"September 27, 2012","format":false,"excerpt":"Por eso la comparto aqu\u00ed. El viernes pasado muri\u00f3 un alma bella que yo no conoc\u00eda en persona, pero su historia toc\u00f3 nuestra familia, igual que a muchas personas alrededor del pa\u00eds y del mundo.\u00a0 Su historia es una de fe, esperanza, y amor, que ayudo a muchos regresar al\u2026","rel":"","context":"In &quot;En Espa\u00f1ol&quot;","block_context":{"text":"En Espa\u00f1ol","link":"https:\/\/atxcatholic.com\/index.php\/category\/acnm\/en-espanol\/"},"img":{"alt_text":"","src":"https:\/\/i0.wp.com\/www.austincnm.com\/wp-content\/uploads\/2012\/09\/Angela-Faddis.jpg?resize=350%2C200","width":350,"height":200},"classes":[]}],"jetpack_likes_enabled":true,"jetpack_sharing_enabled":true,"amp_enabled":true,"_links":{"self":[{"href":"https:\/\/atxcatholic.com\/index.php\/wp-json\/wp\/v2\/posts\/38929","targetHints":{"allow":["GET"]}}],"collection":[{"href":"https:\/\/atxcatholic.com\/index.php\/wp-json\/wp\/v2\/posts"}],"about":[{"href":"https:\/\/atxcatholic.com\/index.php\/wp-json\/wp\/v2\/types\/post"}],"author":[{"embeddable":true,"href":"https:\/\/atxcatholic.com\/index.php\/wp-json\/wp\/v2\/users\/50"}],"replies":[{"embeddable":true,"href":"https:\/\/atxcatholic.com\/index.php\/wp-json\/wp\/v2\/comments?post=38929"}],"version-history":[{"count":0,"href":"https:\/\/atxcatholic.com\/index.php\/wp-json\/wp\/v2\/posts\/38929\/revisions"}],"wp:attachment":[{"href":"https:\/\/atxcatholic.com\/index.php\/wp-json\/wp\/v2\/media?parent=38929"}],"wp:term":[{"taxonomy":"category","embeddable":true,"href":"https:\/\/atxcatholic.com\/index.php\/wp-json\/wp\/v2\/categories?post=38929"},{"taxonomy":"post_tag","embeddable":true,"href":"https:\/\/atxcatholic.com\/index.php\/wp-json\/wp\/v2\/tags?post=38929"}],"curies":[{"name":"wp","href":"https:\/\/api.w.org\/{rel}","templated":true}]}}