{"id":13082,"date":"2012-03-14T08:53:28","date_gmt":"2012-03-14T13:53:28","guid":{"rendered":"http:\/\/www.austincnm.com\/?p=13082"},"modified":"2012-03-14T08:53:29","modified_gmt":"2012-03-14T13:53:29","slug":"visita-apostolica-de-benedicto-xvi-mexico-2012","status":"publish","type":"post","link":"https:\/\/atxcatholic.com\/index.php\/2012\/03\/visita-apostolica-de-benedicto-xvi-mexico-2012\/","title":{"rendered":"VISITA APOSTOLICA DE BENEDICTO XVI  &#8211; M\u00c9XICO 2012"},"content":{"rendered":"<p><a href=\"http:\/\/www.austincnm.com\/index.php\/2012\/03\/visita-apostolica-de-benedicto-xvi-mexico-2012\/800px-papa_benedetto_xvi_alla_gmg_colonia_2005_saluta_prima_della_veglia\/\" rel=\"attachment wp-att-13086\"><img data-recalc-dims=\"1\" loading=\"lazy\" decoding=\"async\" class=\"alignleft size-medium wp-image-13086\" title=\"Papa Benedicto\" src=\"https:\/\/i0.wp.com\/www.austincnm.com\/wp-content\/uploads\/2012\/03\/800px-Papa_Benedetto_XVI_alla_GMG_Colonia_2005_saluta_prima_della_veglia-300x225.jpg?resize=300%2C225\" alt=\"\" width=\"300\" height=\"225\" \/><\/a>\u201cSucesor de Pedro\u201d, \u201cMensajero de Jes\u00fas\u201d, \u201cPastor Del Reba\u00f1o de Cristo\u201d, Vicario de Cristo\u201d &#8211; Es identificado por muchos nombres, pero es mas conocido como El Papa Benedicto XVI y llegara a Le\u00f3n, M\u00e9xico el viernes 23 de Marzo.\u00a0 Visitara solamente el estado de Guanajuato, donde se reunir\u00e1 con el Presidente del pa\u00eds el s\u00e1bado 24 de marzo.\u00a0 Tambi\u00e9n\u00a0celebrar\u00e1 una misa en el Parque Bicentenario el domingo, 25 de Marzo, a los pies del monumento nacional de Cristo Rey.\u00a0 Luego saldr\u00e1 en avi\u00f3n para Cuba el lunes, 26 de Marzo.<\/p>\n<p>Los fieles Cat\u00f3licos de M\u00e9xico esperan su visita con alegr\u00eda y anticipaci\u00f3n\u2026 y con mucha raz\u00f3n. Su visita, seguro dejara un mensaje profundo que lograra recordar a los Cat\u00f3licos y al pa\u00eds (mayormente Cat\u00f3lico) de las prioridades de la vida cristiana.\u00a0 El pasado 12 de Diciembre, el Papa anuncio su visita a M\u00e9xico y Cuba y dijo que ir\u00eda a &#8220;proclamar all\u00ed la Palabra de Cristo y se afiance la convicci\u00f3n de que \u00e9ste es un tiempo precioso para evangelizar con una fe recia, una esperanza viva y una caridad ardiente&#8221;.\u00a0 Y ahora m\u00e1s que nunca, M\u00e9xico podr\u00eda beneficiar de la Palabra de Cristo y de la Nueva Evangelizaci\u00f3n.<\/p>\n<p>M\u00e9xico siempre tuvo un gran afecto por el Papa anterior, el Beato Juan Pablo II, quien viajo a M\u00e9xico cinco veces.\u00a0 Esta ser\u00e1 la primera visita del Papa Benedicto XVI y con este viaje creo nacer\u00e1 en inmenso cari\u00f1o del pueblo Mexicano para el actual l\u00edder de la Iglesia Cat\u00f3lica.\u00a0 Para quienes no conocen las ense\u00f1anzas de este Papa, podr\u00eda ser confuso lo que representa su visita a M\u00e9xico.\u00a0 Para los que est\u00e1n enfocados en un mundo secular tal vez representa solo en espect\u00e1culo de la Iglesia Cat\u00f3lica o una intrusi\u00f3n a un pa\u00eds donde parecen aumentar cada d\u00eda mas, las ideas liberales.\u00a0 Es una triste realidad que hasta hay un peque\u00f1o grupo de personas llam\u00e1ndose \u201ccat\u00f3licos\u201d protestando la visita del Papa.\u00a0 Existen las personas que no desean escuchar su mensaje de la verdad por lo que creen saber y lo que desconocen de \u00e9l.<\/p>\n<p>Pero para los que conocen al gran te\u00f3logo y su historia, su presencia en M\u00e9xico significa un momento de mucha esperanza y motivaci\u00f3n.\u00a0 La llamada del Papa a los Cat\u00f3licos del mundo es que seamos misioneros y disc\u00edpulos de Jes\u00fas. \u00a0Su mensaje toca el coraz\u00f3n de quienes los que lo escuchan sin prejuicios.\u00a0 El Pont\u00edfice promueve el amor a Dios y al pr\u00f3jimo con una profundidad e inteligencia basada en sus extensivos estudios y meditaci\u00f3n de las escrituras y la vida de Jes\u00fas.\u00a0 Lucha sin descansar a sus 84 a\u00f1os, proclamando la verdad del Evangelio y animando a la Iglesia a vivir una vida espiritual en los pasos de Jes\u00fas.<\/p>\n<blockquote><p>\u201cLa fe nos muestra a Dios que nos ha dado a su Hijo y as\u00ed suscita en nosotros la firme certeza de que realmente es verdad que Dios es amor. De este modo transforma nuestra impaciencia y nuestras dudas en la esperanza segura de que el mundo est\u00e1 en manos de Dios y que, no obstante las oscuridades, al final vencer\u00e1 \u00c9l, como luminosamente muestra el Apocalipsis mediante sus im\u00e1genes sobrecogedoras. La fe, que hace tomar conciencia del amor de Dios revelado en el coraz\u00f3n traspasado de Jes\u00fas en la cruz, suscita a su vez el amor. El amor es una luz \u2014en el fondo la \u00fanica\u2014 que ilumina constantemente a un mundo oscuro y nos da la fuerza para vivir y actuar. El amor es posible, y nosotros podemos ponerlo en pr\u00e1ctica porque hemos sido creados a imagen de Dios. Vivir el amor y, as\u00ed, llevar la luz de Dios al mundo: a esto quisiera invitar con esta Enc\u00edclica.\u201d<\/p>\n<p>Papa Benedicto XVI &#8211; Carta Enc\u00edclica, Deus Caritas Est<\/p><\/blockquote>\n<p>Durante la Jornada Mundial de la Juventud en Madrid Espa\u00f1a el pasado Agosto, estas fueron unas de sus palabras a los j\u00f3venes del mundo.<\/p>\n<blockquote><p>&#8220;Queridos amigos, que ninguna adversidad os paralice. No teng\u00e1is miedo al mundo, ni al futuro, ni a vuestra debilidad. El Se\u00f1or os ha otorgado vivir en este momento de la historia, para que gracias a vuestra fe siga resonando su Nombre en toda la tierra.\u201d<\/p><\/blockquote>\n<p>Ahora que la violencia en M\u00e9xico esta tan presente, es importante que los Cat\u00f3licos Mexicanos sigan viviendo como verdaderos misioneros de la Iglesia. Por eso hay que rezar para que haya muchos frutos espirituales por medio del viaje del Papa y para que su mensaje se escuche por todo el pa\u00eds. \u00a0Hay que unir nuestras oraciones con las intenciones de Su Santidad, para que los d\u00edas que este con nuestros hermanos en M\u00e9xico, ilumine con el mensaje de Cristo, a quienes viven entre la incertidumbre e inseguridad.<\/p>\n<p>Pueden seguir los detalles de la visita del Papa en Twitter <a title=\"papaenmexico\" href=\"https:\/\/twitter.com\/#!\/papaenmexico\">@PapaenMexico<\/a> o por Facebook <a title=\"Papa en Mexico Facebook\" href=\"http:\/\/www.facebook.com\/papaenmexico\">Papa en M\u00e9xico<\/a>.\u00a0 Tambi\u00e9n en el <a title=\"Benedicto Mexico\" href=\"http:\/\/www.benedictomexico.mx\/\">sitio oficial<\/a>.<\/p>\n<p>&nbsp;<\/p>\n<p><object width=\"640\" height=\"360\" classid=\"clsid:d27cdb6e-ae6d-11cf-96b8-444553540000\" codebase=\"http:\/\/download.macromedia.com\/pub\/shockwave\/cabs\/flash\/swflash.cab#version=6,0,40,0\"><param name=\"allowFullScreen\" value=\"true\" \/><param name=\"allowscriptaccess\" value=\"always\" \/><param name=\"src\" value=\"http:\/\/www.youtube.com\/v\/RiJgXhqtsCg?version=3&amp;hl=en_US&amp;rel=0\" \/><param name=\"allowfullscreen\" value=\"true\" \/><\/object><\/p>\n","protected":false},"excerpt":{"rendered":"<p>\u201cSucesor de Pedro\u201d, \u201cMensajero de Jes\u00fas\u201d, \u201cPastor Del Reba\u00f1o de Cristo\u201d, Vicario de Cristo\u201d &#8211; Es identificado por muchos nombres, pero es mas conocido como El Papa Benedicto XVI y llegara a Le\u00f3n, M\u00e9xico el viernes 23 de Marzo.\u00a0 Visitara solamente el estado de Guanajuato, donde se reunir\u00e1 con el Presidente del pa\u00eds el s\u00e1bado&#8230;&nbsp;<a href=\"https:\/\/atxcatholic.com\/index.php\/2012\/03\/visita-apostolica-de-benedicto-xvi-mexico-2012\/\">[Read&nbsp;More]<\/a><\/p>\n","protected":false},"author":50,"featured_media":0,"comment_status":"open","ping_status":"open","sticky":false,"template":"","format":"standard","meta":{"_genesis_hide_title":false,"_genesis_hide_breadcrumbs":false,"_genesis_hide_singular_image":false,"_genesis_hide_footer_widgets":false,"_genesis_custom_body_class":"","_genesis_custom_post_class":"","_genesis_layout":"","_jetpack_newsletter_access":"","_jetpack_dont_email_post_to_subs":false,"_jetpack_newsletter_tier_id":0,"_jetpack_memberships_contains_paywalled_content":false,"_jetpack_memberships_contains_paid_content":false,"footnotes":"","jetpack_publicize_message":"","jetpack_publicize_feature_enabled":true,"jetpack_social_post_already_shared":false,"jetpack_social_options":{"image_generator_settings":{"template":"highway","default_image_id":0,"font":"","enabled":false},"version":2},"_wpas_customize_per_network":false,"jetpack_post_was_ever_published":false},"categories":[243,245,244],"tags":[652,651,650,551,653,76,468,654],"class_list":{"0":"post-13082","1":"post","2":"type-post","3":"status-publish","4":"format-standard","6":"category-en-espanol","7":"category-la-fe","8":"category-noticias","9":"tag-guanajuato","10":"tag-leon","11":"tag-mexico","12":"tag-papa","13":"tag-papa-benedicto-xvi","14":"tag-pope","15":"tag-pope-benedict-xvi","16":"tag-su-santidad","17":"entry","18":"has-post-thumbnail"},"aioseo_notices":[],"jetpack_publicize_connections":[],"jetpack_featured_media_url":"","jetpack-related-posts":[{"id":38628,"url":"https:\/\/atxcatholic.com\/index.php\/2013\/03\/gritos-porras-y-aplausos-para-el-nuevo-papa\/","url_meta":{"origin":13082,"position":0},"title":"Gritos, Porras, y Aplausos Para El Nuevo Papa","author":"Maria Salazar","date":"March 14, 2013","format":false,"excerpt":"No era un partido de futbol, ni un concierto de un artista famoso . . . sino el humo blanco de una chimenea y el anuncio de un Papa nuevo.\u00a0 Los gritos, las porras, y los aplausos eran para el sucesor de San Pedro y eran las im\u00e1genes en las\u2026","rel":"","context":"In &quot;En Espa\u00f1ol&quot;","block_context":{"text":"En Espa\u00f1ol","link":"https:\/\/atxcatholic.com\/index.php\/category\/acnm\/en-espanol\/"},"img":{"alt_text":"IMG_0691","src":"https:\/\/i0.wp.com\/www.austincnm.com\/wp-content\/uploads\/2013\/03\/IMG_0691-630x472.jpg?resize=350%2C200","width":350,"height":200},"classes":[]},{"id":24563,"url":"https:\/\/atxcatholic.com\/index.php\/2012\/10\/porque-el-ano-de-la-fe-octubre-11-2012-noviembre-24-2013\/","url_meta":{"origin":13082,"position":1},"title":"\u00bfPorque El A\u00f1o De La Fe? Octubre 11, 2012  &#8211; Noviembre 24, 2013","author":"Maria Salazar","date":"October 10, 2012","format":false,"excerpt":"Todos conocemos a alguien que se ha alejado de la fe Cat\u00f3lica.\u00a0 Hasta en muchas de nuestras familias hay personas que ya no practican la fe.\u00a0 La cantidad de gente que \u201cera Cat\u00f3lica\u201d es alarmante. \u00a0\u00a0\u00a0No es alarmante porque creemos que la Iglesia se va deshacer y dejara de existir.\u2026","rel":"","context":"In &quot;En Espa\u00f1ol&quot;","block_context":{"text":"En Espa\u00f1ol","link":"https:\/\/atxcatholic.com\/index.php\/category\/acnm\/en-espanol\/"},"img":{"alt_text":"","src":"https:\/\/i0.wp.com\/www.austincnm.com\/wp-content\/uploads\/2012\/10\/anoFe-244x300.jpg?resize=350%2C200","width":350,"height":200},"classes":[]},{"id":40967,"url":"https:\/\/atxcatholic.com\/index.php\/2013\/07\/no-me-juzgues\/","url_meta":{"origin":13082,"position":2},"title":"No Me Juzgues","author":"Maria Salazar","date":"July 31, 2013","format":false,"excerpt":"Acabamos de ver la inmensidad de la Jornada Mundial De La Juventud 2013 con tres millones de j\u00f3venes atentos a las palabras y cada movimiento del Papa Francisco.\u00a0 Los mensajes del Papa nos han dejado a todos inspirados y listos para seguir el camino como disc\u00edpulos de Cristo.\u00a0 Nos ha\u2026","rel":"","context":"In &quot;En Espa\u00f1ol&quot;","block_context":{"text":"En Espa\u00f1ol","link":"https:\/\/atxcatholic.com\/index.php\/category\/acnm\/en-espanol\/"},"img":{"alt_text":"Pointing Fingers","src":"https:\/\/i0.wp.com\/www.austincnm.com\/wp-content\/uploads\/2013\/07\/Pointing-Fingers.jpg?resize=350%2C200","width":350,"height":200},"classes":[]},{"id":40808,"url":"https:\/\/atxcatholic.com\/index.php\/2013\/07\/homilia-del-papa-franciso-a-seminaristas-novicios-y-jovenes-discerniendo-sus-vocaciones\/","url_meta":{"origin":13082,"position":3},"title":"Homilia del Papa Franciso a Seminaristas, Novicios y jovenes discerniendo sus vocaciones","author":"Henry Cuellar","date":"July 20, 2013","format":false,"excerpt":"\"Usted sabe muy bien que el Se\u00f1or no mira tanto la grandeza de nuestras acciones, ni siquiera a su dificultad, pero en el amor con que lo hacemos.\" -Santa Teresa de Lisieux, doctora de la Iglesia El domingo 7 de julio, el Papa Francisco celebro el Santo Sacrificio de la\u2026","rel":"","context":"In &quot;En Espa\u00f1ol&quot;","block_context":{"text":"En Espa\u00f1ol","link":"https:\/\/atxcatholic.com\/index.php\/category\/acnm\/en-espanol\/"},"img":{"alt_text":"Pope Francis and Holy Spirit","src":"https:\/\/i0.wp.com\/www.austincnm.com\/wp-content\/uploads\/2013\/07\/Pope-Francis-and-HS-300x221.jpg?resize=350%2C200","width":350,"height":200},"classes":[]},{"id":112186,"url":"https:\/\/atxcatholic.com\/index.php\/2015\/05\/el-hombre-masa-el-nuevo-media-y-la-reina-de-la-media\/","url_meta":{"origin":13082,"position":4},"title":"El Hombre-Masa, el Nuevo-Media y la Reina de la Media","author":"Rachel","date":"May 18, 2015","format":false,"excerpt":"Reci\u00e9n he estado hablando con varia gente sobre nuestro uso los med\u00edos sociales como Cat\u00f3licas. Ya todo estamos de acuerdo que la comunicaci\u00f3n ha pasado por una revoluci\u00f3n en los dos o tres decades pasados, ya no podemos volver para atr\u00e1s. \u00bfPero sab\u00e9s que ya hac\u00eda tres decades, nuestra Madre\u2026","rel":"","context":"In &quot;En Espa\u00f1ol&quot;","block_context":{"text":"En Espa\u00f1ol","link":"https:\/\/atxcatholic.com\/index.php\/category\/acnm\/en-espanol\/"},"img":{"alt_text":"(dibujita para illustrar el tema, que hice yo)","src":"https:\/\/i0.wp.com\/www.austincnm.com\/wp-content\/uploads\/2015\/04\/IMG_7559-550x309.jpg?resize=350%2C200","width":350,"height":200,"srcset":"https:\/\/i0.wp.com\/www.austincnm.com\/wp-content\/uploads\/2015\/04\/IMG_7559-550x309.jpg?resize=350%2C200 1x, https:\/\/i0.wp.com\/www.austincnm.com\/wp-content\/uploads\/2015\/04\/IMG_7559-550x309.jpg?resize=525%2C300 1.5x"},"classes":[]},{"id":36536,"url":"https:\/\/atxcatholic.com\/index.php\/2013\/02\/porque-la-cuaresma-si-ya-resucito-jesus\/","url_meta":{"origin":13082,"position":5},"title":"\u00bfDe Que Se Trata La Cuaresma?","author":"Maria Salazar","date":"February 14, 2013","format":false,"excerpt":"En la temporada de Cuaresma entramos al desierto con Nuestro Se\u00f1or y lo acompa\u00f1amos por 40 d\u00edas. \u201cEn el ciclo del a\u00f1o desarrolla todo el Misterio de Cristo.... Al conmemorar as\u00ed los misterios de la redenci\u00f3n, abre la riqueza de las virtudes y de los m\u00e9ritos de su Se\u00f1or, de\u2026","rel":"","context":"In &quot;En Espa\u00f1ol&quot;","block_context":{"text":"En Espa\u00f1ol","link":"https:\/\/atxcatholic.com\/index.php\/category\/acnm\/en-espanol\/"},"img":{"alt_text":"416px-Hole_JesusalDesierto","src":"https:\/\/i0.wp.com\/www.austincnm.com\/wp-content\/uploads\/2013\/02\/416px-Hole_JesusalDesierto.jpg?resize=350%2C200","width":350,"height":200},"classes":[]}],"jetpack_likes_enabled":true,"jetpack_sharing_enabled":true,"amp_enabled":true,"_links":{"self":[{"href":"https:\/\/atxcatholic.com\/index.php\/wp-json\/wp\/v2\/posts\/13082","targetHints":{"allow":["GET"]}}],"collection":[{"href":"https:\/\/atxcatholic.com\/index.php\/wp-json\/wp\/v2\/posts"}],"about":[{"href":"https:\/\/atxcatholic.com\/index.php\/wp-json\/wp\/v2\/types\/post"}],"author":[{"embeddable":true,"href":"https:\/\/atxcatholic.com\/index.php\/wp-json\/wp\/v2\/users\/50"}],"replies":[{"embeddable":true,"href":"https:\/\/atxcatholic.com\/index.php\/wp-json\/wp\/v2\/comments?post=13082"}],"version-history":[{"count":0,"href":"https:\/\/atxcatholic.com\/index.php\/wp-json\/wp\/v2\/posts\/13082\/revisions"}],"wp:attachment":[{"href":"https:\/\/atxcatholic.com\/index.php\/wp-json\/wp\/v2\/media?parent=13082"}],"wp:term":[{"taxonomy":"category","embeddable":true,"href":"https:\/\/atxcatholic.com\/index.php\/wp-json\/wp\/v2\/categories?post=13082"},{"taxonomy":"post_tag","embeddable":true,"href":"https:\/\/atxcatholic.com\/index.php\/wp-json\/wp\/v2\/tags?post=13082"}],"curies":[{"name":"wp","href":"https:\/\/api.w.org\/{rel}","templated":true}]}}